{"id":202298,"date":"2021-09-15T12:19:04","date_gmt":"2021-09-15T10:19:04","guid":{"rendered":"https:\/\/zjarr.tv\/?p=202298"},"modified":"2021-09-15T12:19:04","modified_gmt":"2021-09-15T10:19:04","slug":"rektori-i-ut-kundershton-vaksinimin-me-detyrim-te-studenteve","status":"publish","type":"post","link":"https:\/\/zjarr.tv\/en\/rektori-i-ut-kundershton-vaksinimin-me-detyrim-te-studenteve\/","title":{"rendered":"Rektori i UT kund\u00ebrshton vaksinimin me detyrim t\u00eb student\u00ebve\u2026"},"content":{"rendered":"<p>Rektori i Universitetit t\u00eb Tiran\u00ebs Artan Hoxha, ka deklaruar se nuk ishte i nevojsh\u00ebm vaksinimi i detyruar p\u00ebr student\u00ebt. Hoxha ka theksuar gjithashtu se ende nuk e din\u00eb si do t\u00eb vijoj\u00eb m\u00ebsimi p\u00ebr k\u00ebt\u00eb vit akademik.<\/p>\n<p>Megjithat\u00eb, ai ka nxitur student\u00ebt dhe pedagog\u00ebt q\u00eb t\u00eb vaksinohen, si m\u00ebnyr\u00eb p\u00ebr t\u2019u mbrojtur nga infeksioni. N\u00eb nj\u00eb deklarat\u00eb p\u00ebr mediat, rektori ka th\u00ebn\u00eb se 75% e pedagog\u00ebve jan\u00eb t\u00eb vaksinuar.<\/p>\n<p>\u201cVaksinimi s\u2019ka pse t\u00eb jet\u00eb i detyruesh\u00ebm. Sa i p\u00ebrket zhvillimit t\u00eb m\u00ebsimit, ende nuk kemi vendosur si do t\u00eb vijoj\u00eb. Pedagog\u00ebt dhe stafi i Universitetit t\u00eb Tiran\u00ebs jan\u00eb vaksinuar n\u00eb mas\u00ebn 75 %\u201d, ka th\u00ebn\u00eb Hoxha.<\/p>\n<p>K\u00ebt\u00eb koment Hoxha e b\u00ebri duke u nisur nga deklarata e kryeministrit Edi Rama, i cili ka theksuar se student\u00ebt, pedagog\u00ebt, m\u00ebsuesit dhe punonj\u00ebsit e administrat\u00ebs publike, nuk do t\u00eb pranohen n\u00eb auditor\u00eb apo n\u00eb ambientet e pun\u00ebs n\u00ebse nuk jan\u00eb t\u00eb vaksinuar.<\/p>","protected":false},"excerpt":{"rendered":"<p>Rektori i Universitetit t\u00eb Tiran\u00ebs Artan Hoxha, ka deklaruar se nuk ishte i nevojsh\u00ebm vaksinimi i detyruar p\u00ebr student\u00ebt. Hoxha ka theksuar gjithashtu se ende nuk e din\u00eb si do t\u00eb vijoj\u00eb m\u00ebsimi p\u00ebr k\u00ebt\u00eb vit akademik. Megjithat\u00eb, ai ka nxitur student\u00ebt dhe pedagog\u00ebt q\u00eb t\u00eb vaksinohen, si m\u00ebnyr\u00eb p\u00ebr t\u2019u mbrojtur nga infeksioni. N\u00eb [&hellip;]<\/p>\n","protected":false},"author":2016,"featured_media":0,"comment_status":"closed","ping_status":"closed","sticky":false,"template":"","format":"standard","meta":{"footnotes":""},"categories":[241],"tags":[],"class_list":{"0":"post-202298","1":"post","2":"type-post","3":"status-publish","4":"format-standard","6":"category-aktualitet"},"_links":{"self":[{"href":"https:\/\/zjarr.tv\/en\/wp-json\/wp\/v2\/posts\/202298","targetHints":{"allow":["GET"]}}],"collection":[{"href":"https:\/\/zjarr.tv\/en\/wp-json\/wp\/v2\/posts"}],"about":[{"href":"https:\/\/zjarr.tv\/en\/wp-json\/wp\/v2\/types\/post"}],"author":[{"embeddable":true,"href":"https:\/\/zjarr.tv\/en\/wp-json\/wp\/v2\/users\/2016"}],"replies":[{"embeddable":true,"href":"https:\/\/zjarr.tv\/en\/wp-json\/wp\/v2\/comments?post=202298"}],"version-history":[{"count":0,"href":"https:\/\/zjarr.tv\/en\/wp-json\/wp\/v2\/posts\/202298\/revisions"}],"wp:attachment":[{"href":"https:\/\/zjarr.tv\/en\/wp-json\/wp\/v2\/media?parent=202298"}],"wp:term":[{"taxonomy":"category","embeddable":true,"href":"https:\/\/zjarr.tv\/en\/wp-json\/wp\/v2\/categories?post=202298"},{"taxonomy":"post_tag","embeddable":true,"href":"https:\/\/zjarr.tv\/en\/wp-json\/wp\/v2\/tags?post=202298"}],"curies":[{"name":"wp","href":"https:\/\/api.w.org\/{rel}","templated":true}]}}