{"id":202301,"date":"2021-09-15T12:25:32","date_gmt":"2021-09-15T10:25:32","guid":{"rendered":"https:\/\/zjarr.tv\/?p=202301"},"modified":"2021-09-15T12:25:32","modified_gmt":"2021-09-15T10:25:32","slug":"gruaja-padit-fqinjen-per-te-brendshmet-e-varura-ne-tel-kerkon-te-joshe-tim-shoq","status":"publish","type":"post","link":"https:\/\/zjarr.tv\/en\/gruaja-padit-fqinjen-per-te-brendshmet-e-varura-ne-tel-kerkon-te-joshe-tim-shoq\/","title":{"rendered":"Gruaja padit fqinj\u00ebn p\u00ebr t\u00eb brendshmet e varura n\u00eb tel: K\u00ebrkon t\u00eb josh\u00eb tim shoq\u2026"},"content":{"rendered":"<p>Nj\u00eb grua n\u00eb Meksik\u00eb, ka paditur n\u00eb polici fqinjen e saj p\u00ebr nj\u00eb arsye t\u00eb pazakont\u00eb, varjen e t\u00eb brendshme n\u00eb kopshtin para sht\u00ebpis\u00eb.<\/p>\n<p>Yuvitza E 42-vje\u00e7, i tha policis\u00eb se fqinja i saj i kishte varur tangat jasht\u00eb n\u00eb nj\u00eb p\u00ebrpjekje p\u00ebr t\u00eb \u201cjoshur\u201d burrin e saj.<\/p>\n<p>Kur policia mb\u00ebrriti n\u00eb sht\u00ebpin\u00eb n\u00eb shtetin juglindor t\u00eb Quintana Roo, Yuvitza i tha policis\u00eb se donte t\u00eb b\u00ebnte nj\u00eb akuz\u00eb zyrtare kund\u00ebr saj.<\/p>\n<p>42-vje\u00e7arja i tha policis\u00eb se e kishte par\u00eb n\u00eb m\u00ebnyr\u00eb t\u00eb p\u00ebrs\u00ebritur burrin e saj, duke v\u00ebshtruar t\u00eb brendshmet e fqinjes.<\/p>\n<p>Sipas saj, nuk ishte rast\u00ebsi q\u00eb ajo i vari t\u00eb brendshmet n\u00eb tel dit\u00ebn e shtun\u00eb, kur bashk\u00ebshorti i saj ishte pushim.<\/p>","protected":false},"excerpt":{"rendered":"<p>Nj\u00eb grua n\u00eb Meksik\u00eb, ka paditur n\u00eb polici fqinjen e saj p\u00ebr nj\u00eb arsye t\u00eb pazakont\u00eb, varjen e t\u00eb brendshme n\u00eb kopshtin para sht\u00ebpis\u00eb. Yuvitza E 42-vje\u00e7, i tha policis\u00eb se fqinja i saj i kishte varur tangat jasht\u00eb n\u00eb nj\u00eb p\u00ebrpjekje p\u00ebr t\u00eb \u201cjoshur\u201d burrin e saj. Kur policia mb\u00ebrriti n\u00eb sht\u00ebpin\u00eb n\u00eb shtetin [&hellip;]<\/p>\n","protected":false},"author":2016,"featured_media":0,"comment_status":"closed","ping_status":"closed","sticky":false,"template":"","format":"standard","meta":{"footnotes":""},"categories":[191],"tags":[5032],"class_list":{"0":"post-202301","1":"post","2":"type-post","3":"status-publish","4":"format-standard","6":"category-bota","7":"tag-lajme-zjarr-gruaja-padit-fqinjen-zjarr-tv"},"_links":{"self":[{"href":"https:\/\/zjarr.tv\/en\/wp-json\/wp\/v2\/posts\/202301","targetHints":{"allow":["GET"]}}],"collection":[{"href":"https:\/\/zjarr.tv\/en\/wp-json\/wp\/v2\/posts"}],"about":[{"href":"https:\/\/zjarr.tv\/en\/wp-json\/wp\/v2\/types\/post"}],"author":[{"embeddable":true,"href":"https:\/\/zjarr.tv\/en\/wp-json\/wp\/v2\/users\/2016"}],"replies":[{"embeddable":true,"href":"https:\/\/zjarr.tv\/en\/wp-json\/wp\/v2\/comments?post=202301"}],"version-history":[{"count":0,"href":"https:\/\/zjarr.tv\/en\/wp-json\/wp\/v2\/posts\/202301\/revisions"}],"wp:attachment":[{"href":"https:\/\/zjarr.tv\/en\/wp-json\/wp\/v2\/media?parent=202301"}],"wp:term":[{"taxonomy":"category","embeddable":true,"href":"https:\/\/zjarr.tv\/en\/wp-json\/wp\/v2\/categories?post=202301"},{"taxonomy":"post_tag","embeddable":true,"href":"https:\/\/zjarr.tv\/en\/wp-json\/wp\/v2\/tags?post=202301"}],"curies":[{"name":"wp","href":"https:\/\/api.w.org\/{rel}","templated":true}]}}