{"id":202315,"date":"2021-09-15T13:13:58","date_gmt":"2021-09-15T11:13:58","guid":{"rendered":"https:\/\/zjarr.tv\/?p=202315"},"modified":"2021-09-15T13:13:58","modified_gmt":"2021-09-15T11:13:58","slug":"paralajmerimi-i-nard-ndokes-bashen-nuk-e-shoh-si-kandidat-per-kryeminister-dhe-lider-i-opozites-ja-cfare-po-kerkon-ish-kryeministri-berisha","status":"publish","type":"post","link":"https:\/\/zjarr.tv\/en\/paralajmerimi-i-nard-ndokes-bashen-nuk-e-shoh-si-kandidat-per-kryeminister-dhe-lider-i-opozites-ja-cfare-po-kerkon-ish-kryeministri-berisha\/","title":{"rendered":"Paralajm\u00ebrimi i Nard Ndok\u00ebs: Bash\u00ebn nuk e shoh si kandidat p\u00ebr Kryeminist\u00ebr dhe lider i opozit\u00ebs, ja \u00e7far\u00eb po k\u00ebrkon ish-kryeministri Berisha\u2026"},"content":{"rendered":"<p>Kryetari i PDK-s\u00eb, Nard Ndoka, paralajm\u00ebron se l\u00ebvizjet brenda PD-s\u00eb, do t\u00eb sjellin nj\u00eb lidership t\u00eb ri t\u00eb demokrat\u00ebve dhe t\u00eb opozit\u00ebs.<\/p>\n<p>I ftuar n\u00eb emisionin \u201cBreaking\u201d, Ndoka deklaroi se l\u00ebvizja e Berish\u00ebs synon q\u00eb t\u00eb krijoj\u00eb nj\u00eb lidership t\u00eb ri dhe jo t\u00eb marr\u00eb drejtimin e PD-s\u00eb. P\u00ebr t\u00eb Lulzim Basha nuk shihet si nj\u00eb kandidat p\u00ebr kryeminist\u00ebr dhe lider i opozit\u00ebs.<\/p>\n<p><em>\u201cNuk shoh nj\u00eb p\u00ebr\u00e7arje, shoh nj\u00eb ringjallje t\u00eb PD-s\u00eb, se \u00ebsht\u00eb nj\u00eb agjend\u00eb interesante. S\u00eb pari ka nevoj\u00eb t\u00eb \u00e7lirohet nga Basha. Nuk e shoh Bash\u00ebn si pretendent p\u00ebr kryeminist\u00ebr m\u00eb, n\u00eb aspektin e aksioneve politike. Ai ka q\u00ebndruar se kishte nj\u00eblloj paragjykimi se ka mb\u00ebshtetjen e Berish\u00ebs, ai mund ta mbaj\u00eb peng PD-n\u00eb por nuk mund t\u2019i jap\u00eb shpres\u00eb. PD do t\u00eb \u00e7lirohet edhe nga Basha dhe Berisha. Ai lirohet nga vendimi, Berisha do ta hap\u00eb akoma m\u00eb tep\u00ebr lidershipin. E do t\u00eb krijoj\u00eb nj\u00eb hark opozitar akoma m\u00eb t\u00eb gjer\u00eb, padiskutim se ka mund\u00ebsit\u00eb dhe besimin ta b\u00ebj\u00eb nj\u00eb gj\u00eb t\u00eb till\u00eb. Berisha nuk po k\u00ebrkon t\u00eb marr\u00eb drejtimin e partis\u00eb dhe t\u00eb jet\u00eb kryeministri i vendit, po k\u00ebrkon ta kthej\u00eb PD n\u00eb shinat institucionale dhe t\u00eb jet\u00eb nj\u00eb parti sovrane t\u00eb marr\u00eb nj\u00eb vendim pa diktat dhe trysni\u201d,<\/em>\u00a0\u2013 tha Ndoka.<\/p>\n<p>Sipas tij, Basha nuk kishte t\u00eb merrte kosto politike p\u00ebr p\u00ebrjashtimin e Berish\u00ebs, por duhej ta votonte n\u00eb strukturat e PD-s\u00eb dhe n\u00eb grupin parlamentar.<\/p>","protected":false},"excerpt":{"rendered":"<p>Kryetari i PDK-s\u00eb, Nard Ndoka, paralajm\u00ebron se l\u00ebvizjet brenda PD-s\u00eb, do t\u00eb sjellin nj\u00eb lidership t\u00eb ri t\u00eb demokrat\u00ebve dhe t\u00eb opozit\u00ebs. I ftuar n\u00eb emisionin \u201cBreaking\u201d, Ndoka deklaroi se l\u00ebvizja e Berish\u00ebs synon q\u00eb t\u00eb krijoj\u00eb nj\u00eb lidership t\u00eb ri dhe jo t\u00eb marr\u00eb drejtimin e PD-s\u00eb. P\u00ebr t\u00eb Lulzim Basha nuk shihet si [&hellip;]<\/p>\n","protected":false},"author":2016,"featured_media":169547,"comment_status":"closed","ping_status":"closed","sticky":false,"template":"","format":"standard","meta":{"footnotes":""},"categories":[241,1454],"tags":[5034],"class_list":{"0":"post-202315","1":"post","2":"type-post","3":"status-publish","4":"format-standard","5":"has-post-thumbnail","7":"category-aktualitet","8":"category-politike","9":"tag-lajme-zjarr-paralajmerimi-i-nard-ndokes-zjarr-tv"},"_links":{"self":[{"href":"https:\/\/zjarr.tv\/en\/wp-json\/wp\/v2\/posts\/202315","targetHints":{"allow":["GET"]}}],"collection":[{"href":"https:\/\/zjarr.tv\/en\/wp-json\/wp\/v2\/posts"}],"about":[{"href":"https:\/\/zjarr.tv\/en\/wp-json\/wp\/v2\/types\/post"}],"author":[{"embeddable":true,"href":"https:\/\/zjarr.tv\/en\/wp-json\/wp\/v2\/users\/2016"}],"replies":[{"embeddable":true,"href":"https:\/\/zjarr.tv\/en\/wp-json\/wp\/v2\/comments?post=202315"}],"version-history":[{"count":0,"href":"https:\/\/zjarr.tv\/en\/wp-json\/wp\/v2\/posts\/202315\/revisions"}],"wp:featuredmedia":[{"embeddable":true,"href":"https:\/\/zjarr.tv\/en\/wp-json\/wp\/v2\/media\/169547"}],"wp:attachment":[{"href":"https:\/\/zjarr.tv\/en\/wp-json\/wp\/v2\/media?parent=202315"}],"wp:term":[{"taxonomy":"category","embeddable":true,"href":"https:\/\/zjarr.tv\/en\/wp-json\/wp\/v2\/categories?post=202315"},{"taxonomy":"post_tag","embeddable":true,"href":"https:\/\/zjarr.tv\/en\/wp-json\/wp\/v2\/tags?post=202315"}],"curies":[{"name":"wp","href":"https:\/\/api.w.org\/{rel}","templated":true}]}}