{"id":202317,"date":"2021-09-15T13:20:38","date_gmt":"2021-09-15T11:20:38","guid":{"rendered":"https:\/\/zjarr.tv\/?p=202317"},"modified":"2021-09-15T13:20:38","modified_gmt":"2021-09-15T11:20:38","slug":"ish-kryeministri-berisha-ben-levizjen-e-radhes-nis-turin-e-takimit-me-demokratet-ne-mbare-vendin","status":"publish","type":"post","link":"https:\/\/zjarr.tv\/en\/ish-kryeministri-berisha-ben-levizjen-e-radhes-nis-turin-e-takimit-me-demokratet-ne-mbare-vendin\/","title":{"rendered":"Ish-kryeministri Berisha b\u00ebn l\u00ebvizjen e radh\u00ebs, nis turin e takimit me demokrat\u00ebt n\u00eb mbar\u00eb vendin\u2026"},"content":{"rendered":"<p>Ish-kryeministri Sali Berisha, ka paralajm\u00ebruar aksionin e radh\u00ebs pas p\u00ebrjashtimit nga grupi parlamentar i Partis\u00eb Demokratike.<\/p>\n<p>Berisha ka thirrur nj\u00eb bashk\u00ebbisedim me demokrat\u00ebt n\u00eb Tiran\u00eb, q\u00eb do t\u00eb zhvendoset n\u00eb mbar\u00eb vendin n\u00ebn sigl\u00ebn \u201cp\u00ebr nj\u00eb Parti Demokratike m\u00eb t\u00eb bashkuar, m\u00eb t\u00eb fort\u00eb dhe m\u00eb t\u00eb hapur\u201d.<\/p>\n<p><em>\u201cTe dashur miq, Diten e enjte me dt 16 shtator ora 18:00 nisim ciklin e \u201cFoltores per nje Parti Demokratike me te bashkuar, me te forte dhe me te hapur\u201d<\/em><\/p>\n<p><em>Foltorja do te jete nje bashkebisedim me demokrat\u00eb dhe demokrate qe nis ne Tirane dhe do udhetoj ne mbare vendin. Jeni te mirepritur! Sb<\/em>\u201d, ka njoftuar Berisha.<\/p>","protected":false},"excerpt":{"rendered":"<p>Ish-kryeministri Sali Berisha, ka paralajm\u00ebruar aksionin e radh\u00ebs pas p\u00ebrjashtimit nga grupi parlamentar i Partis\u00eb Demokratike. Berisha ka thirrur nj\u00eb bashk\u00ebbisedim me demokrat\u00ebt n\u00eb Tiran\u00eb, q\u00eb do t\u00eb zhvendoset n\u00eb mbar\u00eb vendin n\u00ebn sigl\u00ebn \u201cp\u00ebr nj\u00eb Parti Demokratike m\u00eb t\u00eb bashkuar, m\u00eb t\u00eb fort\u00eb dhe m\u00eb t\u00eb hapur\u201d. \u201cTe dashur miq, Diten e enjte me [&hellip;]<\/p>\n","protected":false},"author":2016,"featured_media":187785,"comment_status":"closed","ping_status":"closed","sticky":false,"template":"","format":"standard","meta":{"footnotes":""},"categories":[241,1454],"tags":[5035],"class_list":{"0":"post-202317","1":"post","2":"type-post","3":"status-publish","4":"format-standard","5":"has-post-thumbnail","7":"category-aktualitet","8":"category-politike","9":"tag-lajme-zjarr-berisha-ben-levizjen-e-radhes-zjarr-tv"},"_links":{"self":[{"href":"https:\/\/zjarr.tv\/en\/wp-json\/wp\/v2\/posts\/202317","targetHints":{"allow":["GET"]}}],"collection":[{"href":"https:\/\/zjarr.tv\/en\/wp-json\/wp\/v2\/posts"}],"about":[{"href":"https:\/\/zjarr.tv\/en\/wp-json\/wp\/v2\/types\/post"}],"author":[{"embeddable":true,"href":"https:\/\/zjarr.tv\/en\/wp-json\/wp\/v2\/users\/2016"}],"replies":[{"embeddable":true,"href":"https:\/\/zjarr.tv\/en\/wp-json\/wp\/v2\/comments?post=202317"}],"version-history":[{"count":0,"href":"https:\/\/zjarr.tv\/en\/wp-json\/wp\/v2\/posts\/202317\/revisions"}],"wp:featuredmedia":[{"embeddable":true,"href":"https:\/\/zjarr.tv\/en\/wp-json\/wp\/v2\/media\/187785"}],"wp:attachment":[{"href":"https:\/\/zjarr.tv\/en\/wp-json\/wp\/v2\/media?parent=202317"}],"wp:term":[{"taxonomy":"category","embeddable":true,"href":"https:\/\/zjarr.tv\/en\/wp-json\/wp\/v2\/categories?post=202317"},{"taxonomy":"post_tag","embeddable":true,"href":"https:\/\/zjarr.tv\/en\/wp-json\/wp\/v2\/tags?post=202317"}],"curies":[{"name":"wp","href":"https:\/\/api.w.org\/{rel}","templated":true}]}}