{"id":203791,"date":"2021-09-22T09:51:05","date_gmt":"2021-09-22T07:51:05","guid":{"rendered":"https:\/\/zjarr.tv\/?p=203791"},"modified":"2021-09-22T09:51:05","modified_gmt":"2021-09-22T07:51:05","slug":"tensionet-ne-kufi-ja-sa-te-ndryshme-jane-reagimet-e-rames-dhe-vucicit","status":"publish","type":"post","link":"https:\/\/zjarr.tv\/en\/tensionet-ne-kufi-ja-sa-te-ndryshme-jane-reagimet-e-rames-dhe-vucicit\/","title":{"rendered":"Tensionet n\u00eb kufi\/ Ja sa t\u00eb ndryshme jan\u00eb reagimet e Ram\u00ebs dhe Vu\u00e7i\u00e7it"},"content":{"rendered":"<p>Tensionet e shkaktuara nga vendimi i qeveris\u00eb s\u00eb Kosov\u00ebs p\u00ebr t\u00eb zbatuar masat e reciprocitetit n\u00eb raport me Serbin\u00eb, duke zbatuar nj\u00eb mar\u00ebveshje t\u00eb dhjet\u00eb viteve m\u00eb par\u00eb n\u00eb Bruksel, p\u00ebr t\u00eb vendosur targa provizore p\u00ebr qytetar\u00ebt serb\u00eb q\u00eb duan t\u00eb udh\u00ebtojn\u00eb n\u00eb Kosov\u00eb, ka b\u00ebr\u00eb q\u00eb Edi Rama dhe Aleksandar Vu\u00e7i\u00e7 t\u00eb ken\u00eb q\u00ebndrime me nuanca tejet t\u00eb kund\u00ebrta.<\/p>\n<p>Vu\u00e7i\u00e7 foli dhe veproi si nj\u00eb nacionalist serb. Ai mblodhi K\u00ebshillin e Siguris\u00eb Komb\u00ebtare, urdh\u00ebroi d\u00ebrgimin e trupave ushtarake n\u00eb af\u00ebrsi t\u00eb kufirit dhe p\u00ebrdori nj\u00eb gjuh\u00eb t\u00eb ashp\u00ebr duke i k\u00ebrc\u00ebnuar se do t\u00eb pendohen ata q\u00eb nd\u00ebrmor\u00ebn nj\u00eb veprim t\u00eb till\u00eb.<br \/>\nNga ana tjet\u00ebr Edi Rama p\u00ebrdori gjuh\u00ebn e nj\u00eb zyrtari burokrat t\u00eb Brukselit, q\u00eb q\u00ebndron i barazlarguar n\u00eb mes pal\u00ebve. Madje Edi Rama reagoi me shum\u00eb vones\u00eb, m\u00eb tep\u00ebr se 24 or\u00eb pasi ngjarjet kishin filluar dhe vet\u00ebm pasi tek rival\u00ebt politik\u00eb n\u00eb Shqip\u00ebri filloi t\u00eb shtrohej pyetja se pse nuk po flet Tirana zyrtare.<\/p>\n<p>N\u00eb fakt, t\u00eb dyja qeverit\u00eb edhe n\u00eb Sebi edhe Shqip\u00ebri detyrohen nga kushtetuta e tyre t\u00eb jen\u00eb aktiv\u00eb p\u00ebr nj\u00eb shtet t\u00eb pavarur si\u00e7 \u00ebsht\u00eb Kosova.<\/p>\n<p>Por n\u00eb k\u00ebt\u00eb rast reagimet e t\u00eb dyja pal\u00ebve kan\u00eb qen\u00eb t\u00eb shproporcionuara. <\/p>\n<p>N\u00eb nj\u00eb konferenc\u00eb p\u00ebr mediat q\u00eb organizoi menj\u00ebher\u00eb pas mbledhjes s\u00eb K\u00ebshillit t\u00eb Siguris\u00eb Komb\u00ebtare, ai u shpreh se k\u00ebrkon nga Kosova t\u00ebrheqjen e t\u00eb gjith\u00eb trupave nga Veriu. Vu\u00e7i\u00e7 u shpreh se aksioni i fundit nga policia e Kosov\u00ebs n\u00eb Veri \u00ebsht\u00eb nj\u00eb \u2018veprim kriminal\u2019. Po ashtu ka th\u00ebn\u00eb se ka biseduar dhe me ambasador\u00ebt e vendeve t\u00eb Bashkimit Evropian dhe ka refuzuar zgjidhjen q\u00eb ata i kishin ofruar p\u00ebr k\u00ebt\u00eb situat\u00eb, sepse sipas tij \u201cishte nj\u00eb zgjidhje q\u00eb posht\u00ebron Serbin\u00eb\u201d. <\/p>\n<p>Por nd\u00ebrkoh\u00eb q\u00eb presidenti serb flet p\u00ebr akte kriminale dhe kosovar\u00eb q\u00eb do pendohen kryeministri shqiptar p\u00ebrdor nj\u00eb gjuh\u00eb shum\u00eb m\u00eb t\u00eb moderuar duke i v\u00ebn\u00eb pal\u00ebt n\u00eb t\u00eb nj\u00ebjt\u00ebn shkall\u00eb faj\u00ebsie. \u201cDuhet q\u00eb Kosova t\u00eb dialogoj\u00eb, Serbia t\u00eb bashk\u00ebpunoj\u00eb, BE t\u00eb nd\u00ebrmjet\u00ebsoj\u00eb\u201d, shkroi Rama n\u00eb T\u00ebiter. Ndon\u00ebse ai arriti t\u00eb pohoj\u00eb q\u00eb \u201cKosova e ngre problemin me plot t\u00eb drejt\u00eb\u201d ai nuk shkoi m\u00eb tep\u00ebr se kaq.<\/p>\n<p>T\u00eb gjith\u00eb ata q\u00eb kan\u00eb pritur t\u00eb d\u00ebgjojn\u00eb nj\u00eb gjuh\u00eb m\u00eb t\u00eb ashp\u00ebr ndaj Aleksandar Vu\u00e7i\u00e7it kan\u00eb mbetur edhe nj\u00ebhet\u00eb t\u00eb zhg\u00ebnjyer. Sepse kryeministri yn\u00eb q\u00eb nuk nguron t\u00eb fshikulloj\u00eb lider\u00ebt e Europ\u00ebs perendimore, p\u00ebr turpin e rrefuzimit t\u00eb pritjes s\u00eb afgan\u00ebve, q\u00eb i stigmatizon ata si pre t\u00eb nacionalizmit se nuk miratojn\u00eb hapjen enegociatave m\u00eb Shqip\u00ebrin\u00eb, kur vjen puna p\u00ebr presidentin ballkanik serb, b\u00ebhet m\u00eb perendimor se perendimor\u00ebt.\/Lapsi.al<\/p>","protected":false},"excerpt":{"rendered":"<p>Tensionet e shkaktuara nga vendimi i qeveris\u00eb s\u00eb Kosov\u00ebs p\u00ebr t\u00eb zbatuar masat e reciprocitetit n\u00eb raport me Serbin\u00eb, duke zbatuar nj\u00eb mar\u00ebveshje t\u00eb dhjet\u00eb viteve m\u00eb par\u00eb n\u00eb Bruksel, p\u00ebr t\u00eb vendosur targa provizore p\u00ebr qytetar\u00ebt serb\u00eb q\u00eb duan t\u00eb udh\u00ebtojn\u00eb n\u00eb Kosov\u00eb, ka b\u00ebr\u00eb q\u00eb Edi Rama dhe Aleksandar Vu\u00e7i\u00e7 t\u00eb ken\u00eb q\u00ebndrime [&hellip;]<\/p>\n","protected":false},"author":2031,"featured_media":109245,"comment_status":"closed","ping_status":"closed","sticky":false,"template":"","format":"standard","meta":{"footnotes":""},"categories":[231],"tags":[],"class_list":{"0":"post-203791","1":"post","2":"type-post","3":"status-publish","4":"format-standard","5":"has-post-thumbnail","7":"category-lajme"},"_links":{"self":[{"href":"https:\/\/zjarr.tv\/en\/wp-json\/wp\/v2\/posts\/203791","targetHints":{"allow":["GET"]}}],"collection":[{"href":"https:\/\/zjarr.tv\/en\/wp-json\/wp\/v2\/posts"}],"about":[{"href":"https:\/\/zjarr.tv\/en\/wp-json\/wp\/v2\/types\/post"}],"author":[{"embeddable":true,"href":"https:\/\/zjarr.tv\/en\/wp-json\/wp\/v2\/users\/2031"}],"replies":[{"embeddable":true,"href":"https:\/\/zjarr.tv\/en\/wp-json\/wp\/v2\/comments?post=203791"}],"version-history":[{"count":0,"href":"https:\/\/zjarr.tv\/en\/wp-json\/wp\/v2\/posts\/203791\/revisions"}],"wp:featuredmedia":[{"embeddable":true,"href":"https:\/\/zjarr.tv\/en\/wp-json\/wp\/v2\/media\/109245"}],"wp:attachment":[{"href":"https:\/\/zjarr.tv\/en\/wp-json\/wp\/v2\/media?parent=203791"}],"wp:term":[{"taxonomy":"category","embeddable":true,"href":"https:\/\/zjarr.tv\/en\/wp-json\/wp\/v2\/categories?post=203791"},{"taxonomy":"post_tag","embeddable":true,"href":"https:\/\/zjarr.tv\/en\/wp-json\/wp\/v2\/tags?post=203791"}],"curies":[{"name":"wp","href":"https:\/\/api.w.org\/{rel}","templated":true}]}}