{"id":203808,"date":"2021-09-22T11:08:32","date_gmt":"2021-09-22T09:08:32","guid":{"rendered":"https:\/\/zjarr.tv\/?p=203808"},"modified":"2021-09-22T11:08:32","modified_gmt":"2021-09-22T09:08:32","slug":"rama-e-ka-akuzuar-per-pisanjos-dritan-leli-merr-lopaten-dhe-pastron-plehun","status":"publish","type":"post","link":"https:\/\/zjarr.tv\/en\/rama-e-ka-akuzuar-per-pisanjos-dritan-leli-merr-lopaten-dhe-pastron-plehun\/","title":{"rendered":"Rama e ka akuzuar p\u00ebr pisanjos, Dritan Leli merr lopat\u00ebn dhe pastron plehun"},"content":{"rendered":"<p>T\u00eb b\u00ebrit politik\u00eb n\u00eb kushtet e mediave sociale dhe duket se ka transformuar politikan\u00ebt, t\u00eb cil\u00ebve heras her\u00ebs iu duhet t\u00eb zhvishen nga kostumet dhe t\u00eb zbresin n\u00eb terren, p\u00ebr t\u00eb treguar se jan\u00eb mes njer\u00ebzve.<\/p>\n<p>Kjo ka ndodhur s\u00eb fundi dhe me kryetarin e Bashkis\u00eb s\u00eb Vlor\u00ebs Dritan Leli, q\u00eb kryeministri Edi Rama e ka akuzuar si pisanjos, i cili \u00ebsht\u00eb shfaqur m\u00ebngjesin e sot\u00ebm n\u00eb nj\u00eb fshat t\u00eb Vlor\u00ebs, duke ndihmuar Spiron q\u00eb t\u00eb pastroj\u00eb plehun n\u00eb katua.<\/p>\n<p>Leli ve\u00e7 fotove q\u00eb ndan me ndjek\u00ebsit e tij, tregon dhe premtimin q\u00eb i kishte b\u00ebr\u00eb t\u00eb zotit t\u00eb sht\u00ebpis\u00eb, se do t\u00eb shkonte pran\u00eb tij p\u00ebr t\u00eb pir\u00eb edhe kafe turke, n\u00eb momentin q\u00eb rruga e fshatit Beshisht do t\u00eb ishte e p\u00ebrfunduar.<\/p>\n<p>Dhe ashtu ndodhi.<\/p>\n<p>Postimi i Lelit:<\/p>\n<p>E nisa dit\u00ebn her\u00ebt sot, bashk\u00eb me Spiron, duke pastruar plehun n\u00eb katua, nj\u00eb nga ritualet e m\u00ebngjeseve q\u00eb e ndihmojn\u00eb ta nisi dit\u00ebn mbar\u00eb.<\/p>\n<p>I kisha premtuar Spiros q\u00eb do t\u00eb kthehesha t\u00eb pija kafen n\u00eb sht\u00ebpin\u00eb e tij, kur t\u00eb p\u00ebrfundonte rruga e Beshishtit.<\/p>\n<p>Jam i k\u00ebnaqur q\u00eb pun\u00ebt e tij t\u00eb p\u00ebrditshme jan\u00eb leht\u00ebsuar, fal\u00eb rruges. E d\u00ebshmon k\u00ebt\u00eb fakti q\u00eb Spirua ka rritur numrin e lop\u00ebve. Jam i bindur q\u00eb do t\u00eb ndodh nj\u00ebsoj edhe me banor\u00ebt e tjer\u00eb. Do t\u00eb kthehem s\u00ebrish n\u00eb Beshisht sepse rruga e ka b\u00ebr\u00eb zon\u00ebn nj\u00eb zgjatim t\u00eb qytetit.<\/p>","protected":false},"excerpt":{"rendered":"<p>T\u00eb b\u00ebrit politik\u00eb n\u00eb kushtet e mediave sociale dhe duket se ka transformuar politikan\u00ebt, t\u00eb cil\u00ebve heras her\u00ebs iu duhet t\u00eb zhvishen nga kostumet dhe t\u00eb zbresin n\u00eb terren, p\u00ebr t\u00eb treguar se jan\u00eb mes njer\u00ebzve. Kjo ka ndodhur s\u00eb fundi dhe me kryetarin e Bashkis\u00eb s\u00eb Vlor\u00ebs Dritan Leli, q\u00eb kryeministri Edi Rama e [&hellip;]<\/p>\n","protected":false},"author":2031,"featured_media":0,"comment_status":"closed","ping_status":"closed","sticky":false,"template":"","format":"standard","meta":{"footnotes":""},"categories":[231],"tags":[],"class_list":{"0":"post-203808","1":"post","2":"type-post","3":"status-publish","4":"format-standard","6":"category-lajme"},"_links":{"self":[{"href":"https:\/\/zjarr.tv\/en\/wp-json\/wp\/v2\/posts\/203808","targetHints":{"allow":["GET"]}}],"collection":[{"href":"https:\/\/zjarr.tv\/en\/wp-json\/wp\/v2\/posts"}],"about":[{"href":"https:\/\/zjarr.tv\/en\/wp-json\/wp\/v2\/types\/post"}],"author":[{"embeddable":true,"href":"https:\/\/zjarr.tv\/en\/wp-json\/wp\/v2\/users\/2031"}],"replies":[{"embeddable":true,"href":"https:\/\/zjarr.tv\/en\/wp-json\/wp\/v2\/comments?post=203808"}],"version-history":[{"count":0,"href":"https:\/\/zjarr.tv\/en\/wp-json\/wp\/v2\/posts\/203808\/revisions"}],"wp:attachment":[{"href":"https:\/\/zjarr.tv\/en\/wp-json\/wp\/v2\/media?parent=203808"}],"wp:term":[{"taxonomy":"category","embeddable":true,"href":"https:\/\/zjarr.tv\/en\/wp-json\/wp\/v2\/categories?post=203808"},{"taxonomy":"post_tag","embeddable":true,"href":"https:\/\/zjarr.tv\/en\/wp-json\/wp\/v2\/tags?post=203808"}],"curies":[{"name":"wp","href":"https:\/\/api.w.org\/{rel}","templated":true}]}}