{"id":203819,"date":"2021-09-22T12:15:12","date_gmt":"2021-09-22T10:15:12","guid":{"rendered":"https:\/\/zjarr.tv\/?p=203819"},"modified":"2021-09-22T12:15:12","modified_gmt":"2021-09-22T10:15:12","slug":"lulzim-basha-kurre-nuk-do-bej-pazare-me-ramen-ska-per-te-pasur-kuvend-te-pd-per-te-shqyrtuar-vendimin-e-shba","status":"publish","type":"post","link":"https:\/\/zjarr.tv\/en\/lulzim-basha-kurre-nuk-do-bej-pazare-me-ramen-ska-per-te-pasur-kuvend-te-pd-per-te-shqyrtuar-vendimin-e-shba\/","title":{"rendered":"Lulzim Basha: Kurr\u00eb nuk do b\u00ebj pazare me Ram\u00ebn, s\u2019ka p\u00ebr t\u00eb pasur Kuvend t\u00eb PD p\u00ebr t\u00eb shqyrtuar vendimin e SHBA"},"content":{"rendered":"<p>Kreu i PD Lulzim Basha, ka folur nga selia blu ku ka dh\u00ebn\u00eb nj\u00eb deklarat\u00eb p\u00ebr media.<\/p>\n<p>Akuzat e ish-kryeministrit Sali Berisha q\u00eb b\u00ebri dit\u00ebn e djeshme q\u00eb tha ka pazare me Ram\u00ebn, Basha iu p\u00ebrgjigj duke th\u00ebn\u00eb se nuk do kete kurre pazare me kryeministrin. Nd\u00ebrsa \u00ebsht\u00eb shprehur i prer\u00eb n\u00eb lidhje me pyetjen n\u00ebse do t\u00eb ket\u00eb Kuvend t\u00eb Partis\u00eb Demokratike p\u00ebr t\u00eb shqyrtuar vendimin p\u00ebr p\u00ebrjashtimin e Berish\u00ebs nga PD. Basha u shpreh se nuk do t\u00eb ket\u00eb nj\u00eb Kuvend q\u00eb t\u00eb shyrtoj\u00eb vendimet e SHBA.<\/p>\n<p>\u201cP\u00ebr 8 vite me radh\u00eb Edi Rama m\u00eb ka akzuar p\u00ebr kukull t\u00eb Sali Berish\u00eb, dje m\u00eb ka akuzuar Berisha p\u00ebr pazare me Ram\u00ebn. E para \u00ebsht\u00eb g\u00ebnjesht\u00ebr, e dyta nuk do ndodh\u00eb kurr\u00eb. T\u00eb dyja nuk jan\u00eb t\u00eb v\u00ebrteta. Partia Demokratike po ec\u00ebn p\u00ebrpara dhe kjo gj\u00eb vjen vet\u00ebm me largimin e k\u00ebtij regjimi. Ky \u00ebsht\u00eb misioni i Partis\u00eb Demokratike.<\/p>\n<p>Sa I p\u00ebrket pretendimeve p\u00ebr referendum dhe kuvende t\u00eb PD p\u00ebr t\u00eb marr\u00eb n\u00eb shyrtim vendimit t\u00eb SHBA, nuk ka p\u00ebr t\u00eb patur. Objektivat tona jan\u00eb p\u00ebrballje me Edi Ram\u00ebn dhe regjiminne tij. Dhe e gjith\u00eb energjia \u00ebsht\u00eb e fokusuar aty<\/p>\n<p>S\u2019ka p\u00ebr t\u00eb patur Kuvend t\u00eb PD q\u00eb shyrton vendime t\u00eb SHBA\u201d tha Basha.<\/p>","protected":false},"excerpt":{"rendered":"<p>Kreu i PD Lulzim Basha, ka folur nga selia blu ku ka dh\u00ebn\u00eb nj\u00eb deklarat\u00eb p\u00ebr media. Akuzat e ish-kryeministrit Sali Berisha q\u00eb b\u00ebri dit\u00ebn e djeshme q\u00eb tha ka pazare me Ram\u00ebn, Basha iu p\u00ebrgjigj duke th\u00ebn\u00eb se nuk do kete kurre pazare me kryeministrin. Nd\u00ebrsa \u00ebsht\u00eb shprehur i prer\u00eb n\u00eb lidhje me pyetjen [&hellip;]<\/p>\n","protected":false},"author":2016,"featured_media":199312,"comment_status":"closed","ping_status":"closed","sticky":false,"template":"","format":"standard","meta":{"footnotes":""},"categories":[241,1454],"tags":[],"class_list":{"0":"post-203819","1":"post","2":"type-post","3":"status-publish","4":"format-standard","5":"has-post-thumbnail","7":"category-aktualitet","8":"category-politike"},"_links":{"self":[{"href":"https:\/\/zjarr.tv\/en\/wp-json\/wp\/v2\/posts\/203819","targetHints":{"allow":["GET"]}}],"collection":[{"href":"https:\/\/zjarr.tv\/en\/wp-json\/wp\/v2\/posts"}],"about":[{"href":"https:\/\/zjarr.tv\/en\/wp-json\/wp\/v2\/types\/post"}],"author":[{"embeddable":true,"href":"https:\/\/zjarr.tv\/en\/wp-json\/wp\/v2\/users\/2016"}],"replies":[{"embeddable":true,"href":"https:\/\/zjarr.tv\/en\/wp-json\/wp\/v2\/comments?post=203819"}],"version-history":[{"count":0,"href":"https:\/\/zjarr.tv\/en\/wp-json\/wp\/v2\/posts\/203819\/revisions"}],"wp:featuredmedia":[{"embeddable":true,"href":"https:\/\/zjarr.tv\/en\/wp-json\/wp\/v2\/media\/199312"}],"wp:attachment":[{"href":"https:\/\/zjarr.tv\/en\/wp-json\/wp\/v2\/media?parent=203819"}],"wp:term":[{"taxonomy":"category","embeddable":true,"href":"https:\/\/zjarr.tv\/en\/wp-json\/wp\/v2\/categories?post=203819"},{"taxonomy":"post_tag","embeddable":true,"href":"https:\/\/zjarr.tv\/en\/wp-json\/wp\/v2\/tags?post=203819"}],"curies":[{"name":"wp","href":"https:\/\/api.w.org\/{rel}","templated":true}]}}