{"id":203826,"date":"2021-09-22T12:21:37","date_gmt":"2021-09-22T10:21:37","guid":{"rendered":"https:\/\/zjarr.tv\/?p=203826"},"modified":"2021-09-22T12:21:37","modified_gmt":"2021-09-22T10:21:37","slug":"gjykata-e-posacme-merr-sot-vendimin-perfundimtar-per-adriatik-lllallen-nese-shpallet-fajtor-arrestohet-avokati-eshte-ne-spital-vuan-nga","status":"publish","type":"post","link":"https:\/\/zjarr.tv\/en\/gjykata-e-posacme-merr-sot-vendimin-perfundimtar-per-adriatik-lllallen-nese-shpallet-fajtor-arrestohet-avokati-eshte-ne-spital-vuan-nga\/","title":{"rendered":"Gjykata e Posa\u00e7me merr sot vendimin p\u00ebrfundimtar p\u00ebr Adriatik Lllall\u00ebn, n\u00ebse shpallet fajtor arrestohet, avokati: \u00cbsht\u00eb n\u00eb spital vuan nga\u2026"},"content":{"rendered":"<p>Sot pritet q\u00eb Gjykata e Posa\u00e7me t\u00eb jap\u00eb vendimin p\u00ebrfundimtar p\u00ebr ish-kryeprokurorin Adriatik Llalla.<\/p>\n<p>Vendimi ndaj ish kryeprokurorit do jepet nga nje trup\u00eb kryesuese e p\u00ebrber\u00eb nga 3 an\u00ebtar\u00eb, ku kryesuese \u00ebsht\u00eb gjyqtarja Nertina Kosova dhe anetar\u00ebt Milana Mu\u00e7a dhe Dhimit\u00ebr Lara.<\/p>\n<p>B\u00ebhet me dije se avokati mbrojt\u00ebs i tij Sokol Hazizaj, \u00ebsht\u00eb shprehur se Llalla \u00ebsht\u00eb shtruar n\u00eb spital pasi vuan nga nj\u00eb s\u00ebmundje e pash\u00ebrueshme.<\/p>\n<p>N\u00ebse Gjykata e Posa\u00e7me pasi t\u00eb d\u00ebgjoj\u00eb avokatin e shpall sot vendimin dhe deklaron fajtor Adriatik Llall\u00ebn, at\u00ebher\u00eb ky i fundit mund t\u00eb arrestohet menj\u00ebher\u00eb.<\/p>\n<p>Ish-Kryeprokurori i P\u00ebrgjithsh\u00ebm, Adriatik Llalla ka ankimuar d\u00ebnimin me 2 vite burg n\u00eb Shkall\u00eb t\u00eb Par\u00eb p\u00ebr akuz\u00ebn e fshehjes s\u00eb pasuris\u00eb n\u00eb 3 raste. Sot, n\u00ebse ai shpallet fajtor nuk p\u00ebrfiton zbritje d\u00ebnimi nga gjykimi i shkurtuar. Gjithashhtu, ai \u00ebsht\u00eb p\u00ebrjashtuar p\u00ebr 5 vite nga funksionet publike.<\/p>\n<p>Pasurit\u00eb e konfiskuara t\u00eb ish-kryeprokurorit Llalla:<\/p>\n<p>\u2013 Apartament banimi, me sip\u00ebrfaqe 67.2 m\u00b2, ndodhur n\u00eb Durr\u00ebs;<\/p>\n<p>\u2013 Tok\u00eb ar\u00eb, me sip\u00ebrfaqe 4.500 m\u00b2, ndodhur n\u00eb Tiran\u00eb;<\/p>\n<p>\u2013 Tok\u00eb ar\u00eb, me sip\u00ebrfaqe 12.300 m\u00b2, ndodhur n\u00eb Tiran\u00eb;<\/p>\n<p>\u2013 Tok\u00eb ar\u00eb, me sip\u00ebrfaqe 3000 m\u00b2, ndodhur n\u00eb Tiran\u00eb;<\/p>\n<p>\u2013 Tok\u00eb ar\u00eb, me sip\u00ebrfaqe 2250 m\u00b2, ndodhur n\u00eb Tiran\u00eb.<\/p>","protected":false},"excerpt":{"rendered":"<p>Sot pritet q\u00eb Gjykata e Posa\u00e7me t\u00eb jap\u00eb vendimin p\u00ebrfundimtar p\u00ebr ish-kryeprokurorin Adriatik Llalla. Vendimi ndaj ish kryeprokurorit do jepet nga nje trup\u00eb kryesuese e p\u00ebrber\u00eb nga 3 an\u00ebtar\u00eb, ku kryesuese \u00ebsht\u00eb gjyqtarja Nertina Kosova dhe anetar\u00ebt Milana Mu\u00e7a dhe Dhimit\u00ebr Lara. B\u00ebhet me dije se avokati mbrojt\u00ebs i tij Sokol Hazizaj, \u00ebsht\u00eb shprehur se [&hellip;]<\/p>\n","protected":false},"author":2030,"featured_media":153738,"comment_status":"closed","ping_status":"closed","sticky":false,"template":"","format":"standard","meta":{"footnotes":""},"categories":[241],"tags":[],"class_list":{"0":"post-203826","1":"post","2":"type-post","3":"status-publish","4":"format-standard","5":"has-post-thumbnail","7":"category-aktualitet"},"_links":{"self":[{"href":"https:\/\/zjarr.tv\/en\/wp-json\/wp\/v2\/posts\/203826","targetHints":{"allow":["GET"]}}],"collection":[{"href":"https:\/\/zjarr.tv\/en\/wp-json\/wp\/v2\/posts"}],"about":[{"href":"https:\/\/zjarr.tv\/en\/wp-json\/wp\/v2\/types\/post"}],"author":[{"embeddable":true,"href":"https:\/\/zjarr.tv\/en\/wp-json\/wp\/v2\/users\/2030"}],"replies":[{"embeddable":true,"href":"https:\/\/zjarr.tv\/en\/wp-json\/wp\/v2\/comments?post=203826"}],"version-history":[{"count":0,"href":"https:\/\/zjarr.tv\/en\/wp-json\/wp\/v2\/posts\/203826\/revisions"}],"wp:featuredmedia":[{"embeddable":true,"href":"https:\/\/zjarr.tv\/en\/wp-json\/wp\/v2\/media\/153738"}],"wp:attachment":[{"href":"https:\/\/zjarr.tv\/en\/wp-json\/wp\/v2\/media?parent=203826"}],"wp:term":[{"taxonomy":"category","embeddable":true,"href":"https:\/\/zjarr.tv\/en\/wp-json\/wp\/v2\/categories?post=203826"},{"taxonomy":"post_tag","embeddable":true,"href":"https:\/\/zjarr.tv\/en\/wp-json\/wp\/v2\/tags?post=203826"}],"curies":[{"name":"wp","href":"https:\/\/api.w.org\/{rel}","templated":true}]}}