{"id":203831,"date":"2021-09-22T12:28:24","date_gmt":"2021-09-22T10:28:24","guid":{"rendered":"https:\/\/zjarr.tv\/?p=203831"},"modified":"2021-09-22T12:28:24","modified_gmt":"2021-09-22T10:28:24","slug":"situata-epidemiologjike-ne-vend-per-2-javet-e-fundit-komiteti-teknik-i-eksperteve-permiresim-i-ndjeshem-sa-eshte-numri-i-rasteve-aktive-cilat-jane-grupmoshat-me-te-prekura","status":"publish","type":"post","link":"https:\/\/zjarr.tv\/en\/situata-epidemiologjike-ne-vend-per-2-javet-e-fundit-komiteti-teknik-i-eksperteve-permiresim-i-ndjeshem-sa-eshte-numri-i-rasteve-aktive-cilat-jane-grupmoshat-me-te-prekura\/","title":{"rendered":"Situata epidemiologjike n\u00eb vend p\u00ebr 2 jav\u00ebt e fundit\/ Komiteti Teknik i Ekspert\u00ebve: P\u00ebrmir\u00ebsim i ndjesh\u00ebm, sa \u00ebsht\u00eb numri i rasteve aktive, cilat jan\u00eb grupmoshat m\u00eb t\u00eb prekura"},"content":{"rendered":"<p>Komiteti Teknik i Ekspert\u00ebve ka dal\u00eb n\u00eb nj\u00eb konferenc\u00eb p\u00ebr shtyp p\u00ebr t\u00eb dh\u00ebn\u00eb informacione p\u00ebr situat\u00ebn epidemiologjike n\u00eb vendin ton\u00eb sa i p\u00ebrket 2 jav\u00ebve t\u00eb fundit.<\/p>\n<p>Sipas shifrave t\u00eb raportuara nga Komiteti i Ekspert\u00ebve, n\u00eb vend ka p\u00ebrmir\u00ebsime t\u00eb ndjeshme, nd\u00ebrsa b\u00ebjn\u00eb thirrje p\u00ebr vaksinim t\u00eb m\u00ebtejsh\u00ebm dhe masiv t\u00eb qytetar\u00ebve, ve\u00e7an\u00ebrisht t\u00eb student\u00ebve, pedagog\u00ebve dhe m\u00ebsuesve.<\/p>\n<p><strong>Komiteti Teknik i Ekspert\u00ebve<\/strong><\/p>\n<p>N\u00eb vend vazhdojn\u00eb t\u00eb mbeten nivele t\u00eb larta t\u00eb infeksioneve, por do t\u00eb thoja q\u00eb jav\u00ebn e fundit sic keni par\u00eb edhe nraportimet tona ka qen\u00eb e q\u00ebndrueshme.<br \/>\nSituata epidemiologjike n\u00eb dy jav\u00ebt e fundit ka p\u00ebsuar p\u00ebrmir\u00ebsime t\u00eb ndjeshme.<\/p>\n<p>Raste t\u00eb reja ditore: 847 raste<br \/>\nRaste Aktive: 12745<\/p>\n<p>Numri i bashkiove t\u00eb prekura ka p\u00ebrsuar ulje duke shkuar deri n\u00eb 51 bashki t\u00eb prekura. Nd\u00ebrkoh\u00eb q\u00eb femrat jan\u00eb ato q\u00eb preken m\u00eb s\u00eb shumti duke pasur num\u00ebr m\u00eb t\u00eb lart\u00eb infektimesh. Sa i p\u00ebrket rasteve t\u00eb shtruara, brenda 2 jav\u00ebve jan\u00eb 22 raste.<\/p>\n<p>Pozitiviteti \u00ebsht\u00eb rritur duke shkuar nga 11% n\u00eb 16.9%. Nd\u00ebrkoh\u00eb grupmoshat m\u00eb t\u00eb prekura jan\u00eb 65-74 vje\u00e7 Po vijon vaksinimi masiv n\u00eb t\u00eb gjitha qendrat sh\u00ebndet\u00ebsore. Ftojm\u00eb t\u00eb gjith\u00eb student\u00ebt dhe pedagog\u00ebt e arsimtar\u00ebt, t\u00eb vaksinohen dhe t\u00eb mos b\u00ebjn\u00eb asgj\u00eb m\u00eb shum\u00eb sesa t\u00eb marrin kart\u00ebn e tyre t\u00eb identitetit dhe t\u00eb shkojn\u00eb tek nj\u00eb qend\u00ebr vaksinimi kudoqoft\u00eb.<\/p>","protected":false},"excerpt":{"rendered":"<p>Komiteti Teknik i Ekspert\u00ebve ka dal\u00eb n\u00eb nj\u00eb konferenc\u00eb p\u00ebr shtyp p\u00ebr t\u00eb dh\u00ebn\u00eb informacione p\u00ebr situat\u00ebn epidemiologjike n\u00eb vendin ton\u00eb sa i p\u00ebrket 2 jav\u00ebve t\u00eb fundit. Sipas shifrave t\u00eb raportuara nga Komiteti i Ekspert\u00ebve, n\u00eb vend ka p\u00ebrmir\u00ebsime t\u00eb ndjeshme, nd\u00ebrsa b\u00ebjn\u00eb thirrje p\u00ebr vaksinim t\u00eb m\u00ebtejsh\u00ebm dhe masiv t\u00eb qytetar\u00ebve, ve\u00e7an\u00ebrisht t\u00eb [&hellip;]<\/p>\n","protected":false},"author":2030,"featured_media":0,"comment_status":"closed","ping_status":"closed","sticky":false,"template":"","format":"standard","meta":{"footnotes":""},"categories":[241],"tags":[5160,1086],"class_list":{"0":"post-203831","1":"post","2":"type-post","3":"status-publish","4":"format-standard","6":"category-aktualitet","7":"tag-komiteti-teknik-i-eksperteve","8":"tag-lajme-zjarr-tv"},"_links":{"self":[{"href":"https:\/\/zjarr.tv\/en\/wp-json\/wp\/v2\/posts\/203831","targetHints":{"allow":["GET"]}}],"collection":[{"href":"https:\/\/zjarr.tv\/en\/wp-json\/wp\/v2\/posts"}],"about":[{"href":"https:\/\/zjarr.tv\/en\/wp-json\/wp\/v2\/types\/post"}],"author":[{"embeddable":true,"href":"https:\/\/zjarr.tv\/en\/wp-json\/wp\/v2\/users\/2030"}],"replies":[{"embeddable":true,"href":"https:\/\/zjarr.tv\/en\/wp-json\/wp\/v2\/comments?post=203831"}],"version-history":[{"count":0,"href":"https:\/\/zjarr.tv\/en\/wp-json\/wp\/v2\/posts\/203831\/revisions"}],"wp:attachment":[{"href":"https:\/\/zjarr.tv\/en\/wp-json\/wp\/v2\/media?parent=203831"}],"wp:term":[{"taxonomy":"category","embeddable":true,"href":"https:\/\/zjarr.tv\/en\/wp-json\/wp\/v2\/categories?post=203831"},{"taxonomy":"post_tag","embeddable":true,"href":"https:\/\/zjarr.tv\/en\/wp-json\/wp\/v2\/tags?post=203831"}],"curies":[{"name":"wp","href":"https:\/\/api.w.org\/{rel}","templated":true}]}}