{"id":203833,"date":"2021-09-22T12:29:49","date_gmt":"2021-09-22T10:29:49","guid":{"rendered":"https:\/\/zjarr.tv\/?p=203833"},"modified":"2021-09-22T12:29:49","modified_gmt":"2021-09-22T10:29:49","slug":"berisha-reagon-flake-per-flake-pasi-basha-i-mbylli-rrugen-kuvendit-kombetar-te-pd-se","status":"publish","type":"post","link":"https:\/\/zjarr.tv\/en\/berisha-reagon-flake-per-flake-pasi-basha-i-mbylli-rrugen-kuvendit-kombetar-te-pd-se\/","title":{"rendered":"Berisha reagon \u201cflak\u00eb p\u00ebr flak\u00eb\u201d pasi Basha i mbylli rrug\u00ebn Kuvendit Komb\u00ebtar t\u00eb PD-s\u00eb"},"content":{"rendered":"<p>Ish-kryeministri Berisha, reagoi menj\u00ebher\u00eb pas deklarat\u00ebs s\u00eb kryedemokratit Lulzim Basha, sipas t\u00eb cilit nuk ka p\u00ebr t\u2019u mbledhur ndonj\u00ebher\u00eb Kuvendi Komb\u00ebtar i PD-s\u00eb, p\u00ebr t\u00eb shqyrtuar vendimet e Departamentit t\u00eb Shtetit. Me deklarat\u00ebn e tij, Basha i mbylli \u00e7do rrug\u00eb ligjore Berish\u00ebs p\u00ebr ta shkarkuar, por ndryshe mendon ish-kryeministri. N\u00eb nj\u00eb deklarat\u00eb pak minuta m\u00eb par\u00eb, Berisha shprehet se \u201cKuvendi i PD do mblidhet ne\u00eb p\u00ebrputhje me statutin e PD dhe askush q\u00eb tmerrohet prej tij nuk mund ta pengoj\u00eb\u201d. \u201c<em>Kuvendi nuk do te mblidhet p\u00ebr t\u00eb shqyrtuar vendimet e asnj\u00eb qeverie, por vet\u00ebm vendimet e pengut t\u00eb Edi Ram\u00ebs.<\/em><\/p>\n<p><em>Kuvendi do mblidhet gjithashtu p\u00ebr t\u00eb shp\u00ebtuar PD nga pazaret e peng Bash\u00ebs me Edi Ram\u00ebn dhe p\u00ebr t\u2019u rikthyer dinjitetin dhe shpres\u00ebn demokrat\u00ebve pas 4 humbjesh radhazi p\u00ebrball\u00eb regjimit m\u00eb t\u00eb korruptuar dhe inkriminuar t\u00eb Europ\u00ebs. PD nuk i duhet nj\u00eb lider i kapur peng q\u00eb b\u00ebn pazar me Ram\u00ebn dhe shpall non grata baz\u00ebn e partis\u00eb i tmerruar prej sa<\/em>j\u201d, shkruan Berisha.<\/p>\n<p><strong>\u00c7far\u00eb tha Basha<\/strong><\/p>\n<p><em>P\u00ebr 8 vite me radh\u00eb Edi Rama m\u00eb ka akuzuar p\u00ebr kukull t\u00eb Sali Berish\u00ebs. Dje, Sali Berisha m\u00eb ka akuzuar p\u00ebr peng t\u00eb Edi Ram\u00ebs. E para \u00ebsht\u00eb g\u00ebnjesht\u00ebr, e dyta nuk do t\u00eb ndodh\u00eb kurr\u00eb. T\u00eb dyja jan\u00eb dy an\u00eb t\u00eb t\u00eb nj\u00ebjt\u00ebs medalje. Partia Demokratike po ec\u00ebn p\u00ebrpara, Partia Demokratike do t\u2019i prij\u00eb betej\u00ebs popullore\u00a0 p\u00ebr ndryshim q\u00eb vjen vet\u00ebm p\u00ebrmes largimit t\u00eb k\u00ebtij regjimi dhe kthimit t\u00eb vendit n\u00eb shinat e demokracis\u00eb t\u00eb cilat sigurojn\u00eb nj\u00eb jet\u00eb t\u00eb mir\u00eb p\u00ebr \u00e7do shqiptar. Ky \u00ebsht\u00eb misioni i Partis\u00eb Demokratike, ky \u00ebsht\u00eb misioni i \u00e7do demokrati, ky \u00ebsht\u00eb misioni im dhe k\u00ebtij do t\u2019i q\u00ebndroj me p\u00ebrkushtim deri n\u00eb arritjen e objektivave q\u00eb nuk jan\u00eb thjesht partiake, por jan\u00eb partiake.<\/em><\/p>\n<p><strong>Reagimi i Berish\u00ebs<\/strong><\/p>\n<p><em>Per 8 vjet Edi Rama vazhdon te qendroje ne pushtet sepse eshte ne pazar me dike qe eshte shume i kenaqur te qendroje edhe 80 vjet ne opozite. Kuvendi i PD do mblidhet ne perputhje me statutin e PD dhe askush qe tmerrohet prej tij nuk mund ta pengoje. Ai nuk nuk do te mblidhet per te shqyrtuar vendimet e asnje qeverie por vetem vendimet e pengut te Edi Rames.\u00a0<\/em><\/p>","protected":false},"excerpt":{"rendered":"<p>Ish-kryeministri Berisha, reagoi menj\u00ebher\u00eb pas deklarat\u00ebs s\u00eb kryedemokratit Lulzim Basha, sipas t\u00eb cilit nuk ka p\u00ebr t\u2019u mbledhur ndonj\u00ebher\u00eb Kuvendi Komb\u00ebtar i PD-s\u00eb, p\u00ebr t\u00eb shqyrtuar vendimet e Departamentit t\u00eb Shtetit. Me deklarat\u00ebn e tij, Basha i mbylli \u00e7do rrug\u00eb ligjore Berish\u00ebs p\u00ebr ta shkarkuar, por ndryshe mendon ish-kryeministri. N\u00eb nj\u00eb deklarat\u00eb pak minuta m\u00eb [&hellip;]<\/p>\n","protected":false},"author":2016,"featured_media":0,"comment_status":"closed","ping_status":"closed","sticky":false,"template":"","format":"standard","meta":{"footnotes":""},"categories":[241,1454],"tags":[],"class_list":{"0":"post-203833","1":"post","2":"type-post","3":"status-publish","4":"format-standard","6":"category-aktualitet","7":"category-politike"},"_links":{"self":[{"href":"https:\/\/zjarr.tv\/en\/wp-json\/wp\/v2\/posts\/203833","targetHints":{"allow":["GET"]}}],"collection":[{"href":"https:\/\/zjarr.tv\/en\/wp-json\/wp\/v2\/posts"}],"about":[{"href":"https:\/\/zjarr.tv\/en\/wp-json\/wp\/v2\/types\/post"}],"author":[{"embeddable":true,"href":"https:\/\/zjarr.tv\/en\/wp-json\/wp\/v2\/users\/2016"}],"replies":[{"embeddable":true,"href":"https:\/\/zjarr.tv\/en\/wp-json\/wp\/v2\/comments?post=203833"}],"version-history":[{"count":0,"href":"https:\/\/zjarr.tv\/en\/wp-json\/wp\/v2\/posts\/203833\/revisions"}],"wp:attachment":[{"href":"https:\/\/zjarr.tv\/en\/wp-json\/wp\/v2\/media?parent=203833"}],"wp:term":[{"taxonomy":"category","embeddable":true,"href":"https:\/\/zjarr.tv\/en\/wp-json\/wp\/v2\/categories?post=203833"},{"taxonomy":"post_tag","embeddable":true,"href":"https:\/\/zjarr.tv\/en\/wp-json\/wp\/v2\/tags?post=203833"}],"curies":[{"name":"wp","href":"https:\/\/api.w.org\/{rel}","templated":true}]}}