{"id":203837,"date":"2021-09-22T12:35:51","date_gmt":"2021-09-22T10:35:51","guid":{"rendered":"https:\/\/zjarr.tv\/?p=203837"},"modified":"2021-09-22T12:36:38","modified_gmt":"2021-09-22T10:36:38","slug":"po-degjohen-tringellima-prangash-frrok-cupi-nxjerr-prapaskenat-e-renda-dhe-plas-paralajmerimin-bombe-per-politikanet-shqiptare","status":"publish","type":"post","link":"https:\/\/zjarr.tv\/en\/po-degjohen-tringellima-prangash-frrok-cupi-nxjerr-prapaskenat-e-renda-dhe-plas-paralajmerimin-bombe-per-politikanet-shqiptare\/","title":{"rendered":"Po d\u00ebgjohen tring\u00ebllima prangash\/ Frrok \u00c7upi nxjerr prapaskenat e r\u00ebnda dhe plas paralajm\u00ebrimin fort\u00eb p\u00ebr politikan\u00ebt shqiptar\u00eb"},"content":{"rendered":"<p>Analisti Frrok \u00c7upi, ka reaguar p\u00ebr zhdukjen dhe rishfaqjen e mistershme t\u00eb biznesmenit Italian, t\u00eb cilit iu gjet n\u00eb makin\u00ebn e djegur nj\u00eb kafk\u00eb dhe disa kocka. \u00c7upi i shikon gj\u00ebrat n\u00eb nj\u00eb priz\u00ebm m\u00eb t\u00eb thell\u00eb dhe fut n\u00eb loj\u00eb edhe politikan\u00ebt tan\u00eb.<\/p>\n<p><strong>Komenti i plot\u00eb:<\/strong><\/p>\n<p><em>\u201cKafk\u00ebn e kujt mori Davide Picorelli? <\/em><em>Askush, deri m\u00eb tani, nuk i ka dal\u00eb p\u00ebr zot asaj kafke; as t\u00eb gjall\u00eb e as t\u00eb vdekur. Erdhi k\u00ebtu nj\u00eb italian, Davide Picorelli quhet. Italiani fshehu veten n\u00eb vendin ton\u00eb, n\u00eb nj\u00eb fshat katolik me emrin \u2018rras\u00eb\u2019 dogji makin\u00ebn dhe la aty nj\u00eb kafk\u00eb njeriu sikur ky vet\u00eb kishte vdekur; dhe iku. E kujt \u00ebsht\u00eb kafka? Kryetari i Bashkis\u00eb s\u00eb zon\u00ebs deklaron se \u2018nuk \u00ebsht\u00eb nxjerr\u00eb nga varret\u2019. M\u00eb shum\u00eb se t\u00eb vdekurve, ajo kafk\u00eb u p\u00ebrket t\u00eb gjall\u00ebve. <\/em><em>Cila \u00ebsht\u00eb p\u00ebrkat\u00ebsia m\u00eb e thjesht\u00eb ndaj t\u00eb gjall\u00ebve?<\/em><\/p>\n<p><em>Kafka p\u00ebr ne shqiptar\u00ebt \u00ebsht\u00eb nj\u00eb \u2018zot i p\u00ebrjetsh\u00ebm\u2019; por edhe p\u00ebr kombet e tjer\u00eb, po kaq nderohet: Her\u00eb si simbol i vdekshm\u00ebris\u00eb e her\u00eb simbol me nj\u00eb pal\u00eb krah\u00eb engj\u00ebllor\u00eb q\u00eb vdekshm\u00ebrin\u00eb e t\u00eb gjall\u00ebve e ngren\u00eb p\u00ebrtej vdekjes. Hamleti i Shekspirit mban n\u00eb duar kafk\u00ebn dhe i drejtohet me k\u00ebto fjal\u00eb: \u2018O goj\u00eb e shenjt\u00eb\u2026, k\u00ebtu bul\u00ebzonin ato buz\u00eb q\u00eb kam puthur nuk e di sa shpesh\u2019. <\/em><em>Cila \u00ebsht\u00eb p\u00ebrkat\u00ebsia e kafk\u00ebs ndaj t\u00eb gjall\u00ebve n\u00eb shtet? <\/em><em>Kjo ndodhet aty ku rri njeriu i shoq\u00ebris\u00eb moderne. Shtetit, q\u00eb ka p\u00ebr detyr\u00eb t\u00eb ndjej\u00eb dhimbjen e \u00e7do an\u00ebtari t\u00eb vet, n\u00eb rastin ton\u00eb t\u00eb Rrasit n\u00eb Puk\u00eb, i ra barra e r\u00ebnd\u00eb q\u00eb t\u00eb num\u00ebroj\u00eb t\u00eb gjall\u00eb e t\u00eb vdekur n\u00eb gjith\u00eb vendin dhe t\u00eb gjej\u00eb kujt ia mori mafiozi kafk\u00ebn! Shtetit dhe Drejt\u00ebsis\u00eb sot i bie barra q\u00eb t\u00eb b\u00ebj\u00eb inventarin e pasuris\u00eb s\u00eb shtetasve t\u00eb vet dhe t\u00eb ngrej\u00eb nga fundi i dheut at\u00eb \u00e7far\u00eb i grabit\u00ebn njeriut t\u00eb pa mbrojtur. Ja, kjo \u00ebsht\u00eb, e qart\u00eb si drita e diellit. <\/em><em>At\u00ebher\u00eb, cila \u00ebsht\u00eb p\u00ebrkat\u00ebsia, jo aq e thjesht\u00eb, por m\u00eb e tejshme e asaj kafke me t\u00eb gjall\u00ebt? <\/em><em>Kjo vjen e na prek ne t\u00eb gjith\u00ebve, n\u00eb koh\u00ebn ton\u00eb, jo n\u00eb koh\u00ebt e shkuara n\u00eb histori. Gj\u00ebma e p\u00ebrdhosjes s\u00eb kafk\u00ebs prej nj\u00eb t\u00eb huaji, na erdhi bash n\u00eb \u2018stin\u00ebn\u2019 kur po duam t\u00eb mbyllim d\u00ebmet e m\u00ebdha q\u00eb p\u00ebsuam n\u00eb \u2018njer\u00ebz e n\u00eb gj\u00eb\u2019 prej tre dekadash. Po k\u00ebrkohet Drejt\u00ebsi, po ngrihen institucione q\u00eb premtojn\u00eb t\u00eb drejt\u00eb e ligj, nga Per\u00ebndimi po st\u00ebrviten gjykat\u00ebs e prokuror\u00eb.., dhe po d\u00ebgjohen tring\u00ebllima prangash. Sot p\u00ebr sot nuk kemi as inventar njer\u00ebzish, as inventar malli, edhe pse kemi th\u00ebn\u00eb kot se jemi t\u00eb zot\u00ebt e vetes n\u00eb demokraci. Kryetari i Puk\u00ebs ka t\u00eb drejt\u00eb kur thot\u00eb se \u2018nuk \u00ebsht\u00eb yni\u2019, edhe kryetari i Tropoj\u00ebs e Shkodr\u00ebs k\u00ebt\u00eb gj\u00eb mund t\u00eb thon\u00eb\u2026, edhe kryetari i Vlor\u00ebs, i Delvin\u00ebs, i Elbasani.<\/em><\/p>\n<p><em>Gjat\u00eb tre dekadash, n\u00eb syt\u00eb tan\u00eb, na ka humbur shum\u00eb gj\u00eb, na kan\u00eb humbur shum\u00eb njer\u00ebz- s\u00eb pari; njer\u00ebz q\u00eb nuk jan\u00eb as t\u00eb gjall\u00eb e as n\u00eb varre. Kafka e \u2018Puk\u00ebs\u2019 mund t\u00eb jet\u00eb e nj\u00ebrit prej atyre. At\u00ebher\u00eb as mafiozi i huaj nuk na ka prekur gj\u00eb n\u00eb varr\u2026, ai thjesht mund t\u00eb zgjoj\u00eb nat\u00ebn p\u00ebrgjum\u00ebsh t\u00eb af\u00ebrmit e ndonj\u00ebrit q\u00eb nuk ka varr; atyre t\u00eb r\u00ebn\u00eb n\u00eb luft\u00ebn civile n\u00eb \u201997; mund t\u00eb dyshoj\u00eb dikush p\u00ebr t\u00eb vrar\u00ebt e C\u00ebrrikut ose t\u00eb Qaf\u00eb- Gjasht\u00ebs; mund t\u00eb dal\u00eb n\u00eb \u00ebndrr\u00ebn e dikujt prej Katerit t\u00eb Otrantos; 26 viktimat e G\u00ebrdecit u mblodh\u00ebn nj\u00eb p\u00ebr nj\u00eb dhe k\u00ebtu nuk ka dyshime; as p\u00ebr kat\u00ebr t\u00eb 21 Janarit nuk ka dyshime; por p\u00ebr Remzi Hoxh\u00ebn ose disa \u2018t\u00eb arratisur\u2019 edhe mund t\u00eb ket\u00eb\u2026 Politikan\u00ebt q\u00eb nuk e afrojn\u00eb kafk\u00ebn e humbur me veten, kurr\u00eb nuk mund t\u00eb shfaqen kund\u00ebr krimit t\u00eb bos\u00ebve t\u00eb tyre. <\/em><em>A krijojm\u00eb nj\u00eb lidhje me t\u00eb keqen q\u00eb na ndodhi, apo e lavd\u00ebrojm\u00eb dhe e l\u00ebm\u00eb t\u00eb marr\u00eb rrug\u00eb? <\/em><em>Kjo \u00ebsht\u00eb \u00e7\u00ebshtja; k\u00ebt\u00eb na zgjon kafka e njeriut t\u00eb pa em\u00ebr n\u00eb Rras. Kemi humbur fabrikat, fermat, parqet dhe shkollat\u2026, q\u00eb u nd\u00ebrtuan p\u00ebr gjysm\u00eb shekulli por i rr\u00ebnuam n\u00eb nj\u00eb minut\u00eb. Kemi humbur pronat dhe pron\u00ebsin\u00eb. Kemi humbur kursimet dhe mendjet n\u00eb skemat piramidale. Kemi humbur qet\u00ebsin\u00eb e f\u00ebmij\u00ebve dhe but\u00ebsin\u00eb e njeriut familjar n\u00ebp\u00ebr kallash\u00eb e molotov\u00eb\u2026 T\u00eb gjitha n\u00eb tre dekadat e fundit.<\/em><\/p>\n<p><em>Lidhja e fundit e nj\u00ebrit t\u00eb gjall\u00eb me fatin e tij: <\/em><em>Nuk po them \u2018me kafk\u00ebn e tij\u2019; edhe k\u00ebt\u00eb mund ta thoja, sepse secilin mund ta pres\u00eb fati i tjetrit t\u00eb kthyer n\u00eb simbol kafke. Por shikoj politikan\u00eb e apologjet\u00eb q\u00eb bien shahit n\u00ebp\u00ebr studio e n\u00eb tribuna n\u00eb mbrojtje t\u00eb fatalitetit q\u00eb ka ndodhur. Ca i shkojn\u00eb pas presidentit, ish- presidentit e ish kryeministrit, si mburoj\u00eb njer\u00ebzore p\u00ebr krimet e kryera. T\u00eb gjith\u00eb jan\u00eb kapur n\u00eb krimin e kafkave. Un\u00eb e shikoj aktin makab\u00ebr t\u00eb atij italianit n\u00eb Puk\u00eb, si nj\u00eb \u2018fat skenik\u2019 p\u00ebr njer\u00ebzit q\u00eb i dalin n\u00eb krah krimit t\u00eb kryer ndaj kombit: K\u00ebta, t\u00eb pakt\u00ebn, n\u00eb k\u00ebt\u00eb \u00e7ast, kan\u00eb mund\u00ebsin\u00eb ta imagjinojn\u00eb veten n\u00ebn mask\u00ebn e kafk\u00ebs mbi shpatullat e veta.\u201d<\/em>\u00a0\u2013 shkruan \u00c7upi.<\/p>","protected":false},"excerpt":{"rendered":"<p>Analisti Frrok \u00c7upi, ka reaguar p\u00ebr zhdukjen dhe rishfaqjen e mistershme t\u00eb biznesmenit Italian, t\u00eb cilit iu gjet n\u00eb makin\u00ebn e djegur nj\u00eb kafk\u00eb dhe disa kocka. \u00c7upi i shikon gj\u00ebrat n\u00eb nj\u00eb priz\u00ebm m\u00eb t\u00eb thell\u00eb dhe fut n\u00eb loj\u00eb edhe politikan\u00ebt tan\u00eb. Komenti i plot\u00eb: \u201cKafk\u00ebn e kujt mori Davide Picorelli? Askush, deri [&hellip;]<\/p>\n","protected":false},"author":2016,"featured_media":186138,"comment_status":"closed","ping_status":"closed","sticky":false,"template":"","format":"standard","meta":{"footnotes":""},"categories":[241],"tags":[],"class_list":{"0":"post-203837","1":"post","2":"type-post","3":"status-publish","4":"format-standard","5":"has-post-thumbnail","7":"category-aktualitet"},"_links":{"self":[{"href":"https:\/\/zjarr.tv\/en\/wp-json\/wp\/v2\/posts\/203837","targetHints":{"allow":["GET"]}}],"collection":[{"href":"https:\/\/zjarr.tv\/en\/wp-json\/wp\/v2\/posts"}],"about":[{"href":"https:\/\/zjarr.tv\/en\/wp-json\/wp\/v2\/types\/post"}],"author":[{"embeddable":true,"href":"https:\/\/zjarr.tv\/en\/wp-json\/wp\/v2\/users\/2016"}],"replies":[{"embeddable":true,"href":"https:\/\/zjarr.tv\/en\/wp-json\/wp\/v2\/comments?post=203837"}],"version-history":[{"count":0,"href":"https:\/\/zjarr.tv\/en\/wp-json\/wp\/v2\/posts\/203837\/revisions"}],"wp:featuredmedia":[{"embeddable":true,"href":"https:\/\/zjarr.tv\/en\/wp-json\/wp\/v2\/media\/186138"}],"wp:attachment":[{"href":"https:\/\/zjarr.tv\/en\/wp-json\/wp\/v2\/media?parent=203837"}],"wp:term":[{"taxonomy":"category","embeddable":true,"href":"https:\/\/zjarr.tv\/en\/wp-json\/wp\/v2\/categories?post=203837"},{"taxonomy":"post_tag","embeddable":true,"href":"https:\/\/zjarr.tv\/en\/wp-json\/wp\/v2\/tags?post=203837"}],"curies":[{"name":"wp","href":"https:\/\/api.w.org\/{rel}","templated":true}]}}