{"id":203838,"date":"2021-09-22T12:35:52","date_gmt":"2021-09-22T10:35:52","guid":{"rendered":"https:\/\/zjarr.tv\/?p=203838"},"modified":"2021-09-22T12:35:52","modified_gmt":"2021-09-22T10:35:52","slug":"a-do-kete-ndryshim-te-masave-kufizuese-komiteti-teknik-i-eksperteve-jep-pergjigjen-bazuar-ne-situaten-epidemiologjike","status":"publish","type":"post","link":"https:\/\/zjarr.tv\/en\/a-do-kete-ndryshim-te-masave-kufizuese-komiteti-teknik-i-eksperteve-jep-pergjigjen-bazuar-ne-situaten-epidemiologjike\/","title":{"rendered":"A do ket\u00eb ndryshim t\u00eb masave kufizuese? Komiteti Teknik i Ekspert\u00ebve jep p\u00ebrgjigjen bazuar n\u00eb situat\u00ebn epidemiologjike"},"content":{"rendered":"<p>Komiteti i Ekspert\u00ebve vendosi t\u00eb mbaj\u00eb t\u00eb pandryshuara masat e vendosura kund\u00ebr pandemis\u00eb s\u00eb koronavirusit n\u00eb vendin ton\u00eb.<\/p>\n<p>N\u00eb mbledhjen e radh\u00ebs dit\u00ebn e sotme Komiteti b\u00ebri me dije se situata epidemiologjike n\u00eb vend \u00ebsht\u00eb n\u00ebn kontroll dhe gjat\u00eb dit\u00ebve t\u00eb fundit kemi pasur nj\u00eb ulje t\u00eb numrit t\u00eb personave t\u00eb infektuar.<\/p>\n<p>Ashtu si dhe ishte njoftuar m\u00eb par\u00eb ora policore do t\u00eb vijoj\u00eb t\u00eb jet\u00eb 23:00-06:00\u00a0 dhe n\u00eb vende t\u00eb mbyllura qytar\u00ebt do t\u00eb duhet jen\u00eb t\u00eb pajisur me mask\u00eb.<\/p>","protected":false},"excerpt":{"rendered":"<p>Komiteti i Ekspert\u00ebve vendosi t\u00eb mbaj\u00eb t\u00eb pandryshuara masat e vendosura kund\u00ebr pandemis\u00eb s\u00eb koronavirusit n\u00eb vendin ton\u00eb. N\u00eb mbledhjen e radh\u00ebs dit\u00ebn e sotme Komiteti b\u00ebri me dije se situata epidemiologjike n\u00eb vend \u00ebsht\u00eb n\u00ebn kontroll dhe gjat\u00eb dit\u00ebve t\u00eb fundit kemi pasur nj\u00eb ulje t\u00eb numrit t\u00eb personave t\u00eb infektuar. Ashtu si dhe [&hellip;]<\/p>\n","protected":false},"author":2030,"featured_media":0,"comment_status":"closed","ping_status":"closed","sticky":false,"template":"","format":"standard","meta":{"footnotes":""},"categories":[241],"tags":[],"class_list":{"0":"post-203838","1":"post","2":"type-post","3":"status-publish","4":"format-standard","6":"category-aktualitet"},"_links":{"self":[{"href":"https:\/\/zjarr.tv\/en\/wp-json\/wp\/v2\/posts\/203838","targetHints":{"allow":["GET"]}}],"collection":[{"href":"https:\/\/zjarr.tv\/en\/wp-json\/wp\/v2\/posts"}],"about":[{"href":"https:\/\/zjarr.tv\/en\/wp-json\/wp\/v2\/types\/post"}],"author":[{"embeddable":true,"href":"https:\/\/zjarr.tv\/en\/wp-json\/wp\/v2\/users\/2030"}],"replies":[{"embeddable":true,"href":"https:\/\/zjarr.tv\/en\/wp-json\/wp\/v2\/comments?post=203838"}],"version-history":[{"count":0,"href":"https:\/\/zjarr.tv\/en\/wp-json\/wp\/v2\/posts\/203838\/revisions"}],"wp:attachment":[{"href":"https:\/\/zjarr.tv\/en\/wp-json\/wp\/v2\/media?parent=203838"}],"wp:term":[{"taxonomy":"category","embeddable":true,"href":"https:\/\/zjarr.tv\/en\/wp-json\/wp\/v2\/categories?post=203838"},{"taxonomy":"post_tag","embeddable":true,"href":"https:\/\/zjarr.tv\/en\/wp-json\/wp\/v2\/tags?post=203838"}],"curies":[{"name":"wp","href":"https:\/\/api.w.org\/{rel}","templated":true}]}}