{"id":203856,"date":"2021-09-22T12:58:20","date_gmt":"2021-09-22T10:58:20","guid":{"rendered":"https:\/\/zjarr.tv\/?p=203856"},"modified":"2021-09-22T12:58:20","modified_gmt":"2021-09-22T10:58:20","slug":"julian-deda-qe-kur-perjashtoi-doktorin-as-floket-nuk-i-lyen-me-me-xhel-nje-hall-e-ka-ky","status":"publish","type":"post","link":"https:\/\/zjarr.tv\/en\/julian-deda-qe-kur-perjashtoi-doktorin-as-floket-nuk-i-lyen-me-me-xhel-nje-hall-e-ka-ky\/","title":{"rendered":"Julian Deda: Q\u00eb kur p\u00ebrjashtoi Doktorin, as flok\u00ebt nuk i lyen m\u00eb me xhel, nj\u00eb hall e ka ky\u2026"},"content":{"rendered":"<p>Aktori Julian Deda, ka reaguar me ironi n\u00eb llogarin\u00eb e tij n\u00eb Facebook, duke komentuar ngjarjet politike n\u00eb vend.<\/p>\n<p>Postimi:<\/p>\n<p>\u201cQ\u00eb kur p\u00ebrjashtoi Doktorin, as floket nuk i lyen m\u00eb me xhel. Nj\u00eb hall e ka ky\u201d.<\/p>","protected":false},"excerpt":{"rendered":"<p>Aktori Julian Deda, ka reaguar me ironi n\u00eb llogarin\u00eb e tij n\u00eb Facebook, duke komentuar ngjarjet politike n\u00eb vend. Postimi: \u201cQ\u00eb kur p\u00ebrjashtoi Doktorin, as floket nuk i lyen m\u00eb me xhel. Nj\u00eb hall e ka ky\u201d.<\/p>","protected":false},"author":2016,"featured_media":203508,"comment_status":"closed","ping_status":"closed","sticky":false,"template":"","format":"standard","meta":{"footnotes":""},"categories":[241,3366],"tags":[],"class_list":{"0":"post-203856","1":"post","2":"type-post","3":"status-publish","4":"format-standard","5":"has-post-thumbnail","7":"category-aktualitet","8":"category-koment"},"_links":{"self":[{"href":"https:\/\/zjarr.tv\/en\/wp-json\/wp\/v2\/posts\/203856","targetHints":{"allow":["GET"]}}],"collection":[{"href":"https:\/\/zjarr.tv\/en\/wp-json\/wp\/v2\/posts"}],"about":[{"href":"https:\/\/zjarr.tv\/en\/wp-json\/wp\/v2\/types\/post"}],"author":[{"embeddable":true,"href":"https:\/\/zjarr.tv\/en\/wp-json\/wp\/v2\/users\/2016"}],"replies":[{"embeddable":true,"href":"https:\/\/zjarr.tv\/en\/wp-json\/wp\/v2\/comments?post=203856"}],"version-history":[{"count":0,"href":"https:\/\/zjarr.tv\/en\/wp-json\/wp\/v2\/posts\/203856\/revisions"}],"wp:featuredmedia":[{"embeddable":true,"href":"https:\/\/zjarr.tv\/en\/wp-json\/wp\/v2\/media\/203508"}],"wp:attachment":[{"href":"https:\/\/zjarr.tv\/en\/wp-json\/wp\/v2\/media?parent=203856"}],"wp:term":[{"taxonomy":"category","embeddable":true,"href":"https:\/\/zjarr.tv\/en\/wp-json\/wp\/v2\/categories?post=203856"},{"taxonomy":"post_tag","embeddable":true,"href":"https:\/\/zjarr.tv\/en\/wp-json\/wp\/v2\/tags?post=203856"}],"curies":[{"name":"wp","href":"https:\/\/api.w.org\/{rel}","templated":true}]}}