{"id":204136,"date":"2021-09-23T11:38:53","date_gmt":"2021-09-23T09:38:53","guid":{"rendered":"https:\/\/zjarr.tv\/?p=204136"},"modified":"2021-09-23T11:38:53","modified_gmt":"2021-09-23T09:38:53","slug":"njeri-ne-kafe-tjetri-me-goten-e-rakise-enkelejd-alibeaj-mbledhjet-e-komisioneve-te-mos-behen-online","status":"publish","type":"post","link":"https:\/\/zjarr.tv\/en\/njeri-ne-kafe-tjetri-me-goten-e-rakise-enkelejd-alibeaj-mbledhjet-e-komisioneve-te-mos-behen-online\/","title":{"rendered":"Nj\u00ebri n\u00eb kafe, tjetri me got\u00ebn e rakis\u00eb\/ Enkelejd Alibeaj: Mbledhjet e komisioneve t\u00eb mos b\u00ebhen online\u2026"},"content":{"rendered":"<p>N\u00ebnkryetari i Partis\u00eb Demokratike, Enkelejd Alibeaj, gjat\u00eb seanc\u00ebs plenare dit\u00ebn e sotme, ka kund\u00ebrshtuar vendimin e Konferenc\u00ebs s\u00eb Kryetar\u00ebve, q\u00eb mbledhjet e Komisioneve Parlamentare t\u00eb b\u00ebhen online.<\/p>\n<p>Sipas Alibeajt, duke marr\u00eb parasysh situat\u00ebn epidemiologjike n\u00eb vend, nuk jemi n\u00eb gjendje t\u00eb jasht\u00ebzakonshme, prandaj duhet t\u00eb kthehemi n\u00eb normalitet dhe mbledhjet e Komisioneve Parlamentare t\u00eb zhvilohen n\u00eb zyra.<\/p>\n<p>Gjithashtu, gjat\u00eb fjal\u00ebs s\u00eb tij Alibeaj, i b\u00ebri thirrje qeveris\u00eb q\u00eb t\u00eb vendosin ligjin p\u00ebr vaksinimin e deputet\u00ebve, ose n\u00eb t\u00eb kund\u00ebrt\u00ebn n\u00eb \u00e7do mbledhje ata t\u00eb paraqesin rezultatet e testit. \u201c\u00c7\u00ebshtja \u00ebsht\u00eb shum\u00eb e thjesht\u00eb, b\u00ebhet fjal\u00eb p\u00ebr m\u00ebnyr\u00ebn si do t\u00eb zhvillohen punimet n\u00eb komisionet parlamentare. Nj\u00ebri n\u00eb kafe tjetri n\u00eb plazh, tjetri n\u00eb makin\u00eb tjetri me got\u00ebn e rrakis\u00eb dhe askush nuk merrte vesh nga publiku, se \u00e7far\u00eb ishin duke diksutuar dhe votuar. Cilat nga interesa \u00a0t\u00eb publikut po mbronin.<\/p>\n<p>Qeveria th\u00ebn\u00eb q\u00eb pandemin\u00eb e kemi kalaur me sukses. E n\u00eb fakt baret sot i ke plot, f\u00ebmij\u00ebt n\u00eb shkolla shkojn\u00eb, pse u dashka vet\u00ebm komisionet parlamentare aty ku diskutohet n\u00eb m\u00ebnyr\u00eb m\u00eb t\u00eb detajuar, u dashkan t\u00eb b\u00ebhen online.<\/p>\n<p>Pse u dashka q\u00eb gjith\u00eb publiku, njer\u00ebzit n\u00ebp\u00ebr shkolla, n\u00eb koncerte madje, p\u00ebr ata nuk paska problem dhe vet\u00ebm p\u00ebr ne deputet\u00ebt u dashkemi mbrojtur n\u00eb komisione parlamentare p\u00ebr shkak t\u00eb pandemis\u00eb. P\u00ebr k\u00ebt\u00eb arsye ne do duhet at\u00eb vendim t\u00eb marr\u00eb m\u00eb par\u00eb t\u00eb shfuqizohet dhe t\u00eb kthehemi n\u00eb normalitet n\u00eb veprimtarin\u00eb e komisioneve. Ne nuk duam q\u00eb jeta e askujt t\u00eb vihet n\u00eb rrezik, por a nuk jemi ne n\u00eb val\u00ebn e vaksinimit, at\u00ebhere le t\u00eb dal\u00eb ligji deputet\u00ebt t\u00eb vaksinohen. Deputet\u00ebt t\u00eb vaksinohen, ose t\u00eb paraqesin n\u00eb mbledhje rezultatet e testit\u201d, tha Alibeaj.<\/p>","protected":false},"excerpt":{"rendered":"<p>N\u00ebnkryetari i Partis\u00eb Demokratike, Enkelejd Alibeaj, gjat\u00eb seanc\u00ebs plenare dit\u00ebn e sotme, ka kund\u00ebrshtuar vendimin e Konferenc\u00ebs s\u00eb Kryetar\u00ebve, q\u00eb mbledhjet e Komisioneve Parlamentare t\u00eb b\u00ebhen online. Sipas Alibeajt, duke marr\u00eb parasysh situat\u00ebn epidemiologjike n\u00eb vend, nuk jemi n\u00eb gjendje t\u00eb jasht\u00ebzakonshme, prandaj duhet t\u00eb kthehemi n\u00eb normalitet dhe mbledhjet e Komisioneve Parlamentare t\u00eb zhvilohen [&hellip;]<\/p>\n","protected":false},"author":2016,"featured_media":166620,"comment_status":"closed","ping_status":"closed","sticky":false,"template":"","format":"standard","meta":{"footnotes":""},"categories":[241,1454],"tags":[],"class_list":{"0":"post-204136","1":"post","2":"type-post","3":"status-publish","4":"format-standard","5":"has-post-thumbnail","7":"category-aktualitet","8":"category-politike"},"_links":{"self":[{"href":"https:\/\/zjarr.tv\/en\/wp-json\/wp\/v2\/posts\/204136","targetHints":{"allow":["GET"]}}],"collection":[{"href":"https:\/\/zjarr.tv\/en\/wp-json\/wp\/v2\/posts"}],"about":[{"href":"https:\/\/zjarr.tv\/en\/wp-json\/wp\/v2\/types\/post"}],"author":[{"embeddable":true,"href":"https:\/\/zjarr.tv\/en\/wp-json\/wp\/v2\/users\/2016"}],"replies":[{"embeddable":true,"href":"https:\/\/zjarr.tv\/en\/wp-json\/wp\/v2\/comments?post=204136"}],"version-history":[{"count":0,"href":"https:\/\/zjarr.tv\/en\/wp-json\/wp\/v2\/posts\/204136\/revisions"}],"wp:featuredmedia":[{"embeddable":true,"href":"https:\/\/zjarr.tv\/en\/wp-json\/wp\/v2\/media\/166620"}],"wp:attachment":[{"href":"https:\/\/zjarr.tv\/en\/wp-json\/wp\/v2\/media?parent=204136"}],"wp:term":[{"taxonomy":"category","embeddable":true,"href":"https:\/\/zjarr.tv\/en\/wp-json\/wp\/v2\/categories?post=204136"},{"taxonomy":"post_tag","embeddable":true,"href":"https:\/\/zjarr.tv\/en\/wp-json\/wp\/v2\/tags?post=204136"}],"curies":[{"name":"wp","href":"https:\/\/api.w.org\/{rel}","templated":true}]}}