{"id":204168,"date":"2021-09-23T13:19:15","date_gmt":"2021-09-23T11:19:15","guid":{"rendered":"https:\/\/zjarr.tv\/?p=204168"},"modified":"2021-09-23T13:19:15","modified_gmt":"2021-09-23T11:19:15","slug":"nga-grida-duma-te-balluku-deputetet-te-kuruara-deri-ne-detaj-sot-ne-kuvend","status":"publish","type":"post","link":"https:\/\/zjarr.tv\/en\/nga-grida-duma-te-balluku-deputetet-te-kuruara-deri-ne-detaj-sot-ne-kuvend\/","title":{"rendered":"Nga Grida Duma te Balluku, deputetet t\u00eb kuruara deri n\u00eb detaj sot n\u00eb Kuvend\u2026"},"content":{"rendered":"<p>Dit\u00ebn e sotme, \u00ebsht\u00eb zhvilluar seanca e radh\u00ebs Parlamentare.<\/p>\n<p>Sigurisht q\u00eb v\u00ebmendje t\u00eb madhe kan\u00eb t\u00ebrhequr deputetet femra, t\u00eb cilat si \u00e7do her\u00eb tjet\u00ebr, jan\u00eb shfaqur t\u00eb kuruara deri n\u00eb detaj.<\/p>\n<p>K\u00ebt\u00eb here, ato kan\u00eb spikatur p\u00ebr kostumet me ngjyr\u00eb pastel, edhe pse nuk kan\u00eb munguar as ngjyrat e err\u00ebta.<\/p>\n<p>Kujtojm\u00eb q\u00eb seanca e sotme, nisi rreth 20 minuta me vones\u00eb dhe u b\u00eb e ditur se Konferenca e Kryetar\u00ebve, ka vendosur q\u00eb brenda nj\u00eb afati t\u00eb caktuar, nuk do t\u00eb lejohet asnj\u00eb deputet i pavaksinuar.<\/p>","protected":false},"excerpt":{"rendered":"<p>Dit\u00ebn e sotme, \u00ebsht\u00eb zhvilluar seanca e radh\u00ebs Parlamentare. Sigurisht q\u00eb v\u00ebmendje t\u00eb madhe kan\u00eb t\u00ebrhequr deputetet femra, t\u00eb cilat si \u00e7do her\u00eb tjet\u00ebr, jan\u00eb shfaqur t\u00eb kuruara deri n\u00eb detaj. K\u00ebt\u00eb here, ato kan\u00eb spikatur p\u00ebr kostumet me ngjyr\u00eb pastel, edhe pse nuk kan\u00eb munguar as ngjyrat e err\u00ebta. Kujtojm\u00eb q\u00eb seanca e sotme, [&hellip;]<\/p>\n","protected":false},"author":2016,"featured_media":204169,"comment_status":"closed","ping_status":"closed","sticky":false,"template":"","format":"standard","meta":{"footnotes":""},"categories":[241],"tags":[5194],"class_list":{"0":"post-204168","1":"post","2":"type-post","3":"status-publish","4":"format-standard","5":"has-post-thumbnail","7":"category-aktualitet","8":"tag-lajme-zjarr-deputetet-te-kuruara-deri-ne-detaj-zjarr-tv"},"_links":{"self":[{"href":"https:\/\/zjarr.tv\/en\/wp-json\/wp\/v2\/posts\/204168","targetHints":{"allow":["GET"]}}],"collection":[{"href":"https:\/\/zjarr.tv\/en\/wp-json\/wp\/v2\/posts"}],"about":[{"href":"https:\/\/zjarr.tv\/en\/wp-json\/wp\/v2\/types\/post"}],"author":[{"embeddable":true,"href":"https:\/\/zjarr.tv\/en\/wp-json\/wp\/v2\/users\/2016"}],"replies":[{"embeddable":true,"href":"https:\/\/zjarr.tv\/en\/wp-json\/wp\/v2\/comments?post=204168"}],"version-history":[{"count":0,"href":"https:\/\/zjarr.tv\/en\/wp-json\/wp\/v2\/posts\/204168\/revisions"}],"wp:featuredmedia":[{"embeddable":true,"href":"https:\/\/zjarr.tv\/en\/wp-json\/wp\/v2\/media\/204169"}],"wp:attachment":[{"href":"https:\/\/zjarr.tv\/en\/wp-json\/wp\/v2\/media?parent=204168"}],"wp:term":[{"taxonomy":"category","embeddable":true,"href":"https:\/\/zjarr.tv\/en\/wp-json\/wp\/v2\/categories?post=204168"},{"taxonomy":"post_tag","embeddable":true,"href":"https:\/\/zjarr.tv\/en\/wp-json\/wp\/v2\/tags?post=204168"}],"curies":[{"name":"wp","href":"https:\/\/api.w.org\/{rel}","templated":true}]}}