{"id":204200,"date":"2021-09-23T14:58:34","date_gmt":"2021-09-23T12:58:34","guid":{"rendered":"https:\/\/zjarr.tv\/?p=204200"},"modified":"2021-09-23T14:58:34","modified_gmt":"2021-09-23T12:58:34","slug":"damian-gjiknuri-prezanton-elisa-spiropalin-si-drejtuese-politike-te-aarkut-te-kukesit","status":"publish","type":"post","link":"https:\/\/zjarr.tv\/en\/damian-gjiknuri-prezanton-elisa-spiropalin-si-drejtuese-politike-te-aarkut-te-kukesit\/","title":{"rendered":"Damian Gjiknuri prezanton Elisa Spiropalin si drejtuese politike t\u00eb aarkut t\u00eb Kuk\u00ebsit\u2026"},"content":{"rendered":"<p>Sekretari i P\u00ebrgjithsh\u00ebm i Partis\u00eb Socialiste, Damian Gjiknuri, dit\u00ebn e sotme, ka prezantuar n\u00eb Kuk\u00ebs, drejtuesen e re politike t\u00eb k\u00ebtij qarku, Elisa Spiropali. Gjiknuri n\u00eb k\u00ebt\u00eb takim shoq\u00ebrohej nga deputeti Blendi Klosi.<\/p>\n<p>Ai shprehet i bindur se me eksperienc\u00ebn e saj Elis\u00ebs dhe bashk\u00ebpunimin e \u00e7do strukture n\u00eb k\u00ebt\u00eb Qark, do arrihet t\u00eb p\u00ebrmir\u00ebsohet rezultati n\u00eb sfidat elektorale t\u00eb radh\u00ebs.<\/p>\n<p>\u201cKuk\u00ebs, prezantimi i Elisa Spiropalit si drejtuese Politike t\u00eb Qarkut gjat\u00eb takimit me strukturat e Partis\u00eb Socialiste, ku theksova nevoj\u00ebn p\u00ebr t\u00eb kryer nj\u00eb proces t\u00eb plot\u00eb analize p\u00ebr rezultatin e zgjedhjeve t\u00eb fundit parlamentare me q\u00ebllim q\u00eb t\u00eb jemi gati p\u00ebr zgjedhjet vendore t\u00eb vitit 2023.<\/p>\n<p>Jam i bindur se me mb\u00ebshtetjen time si Sekretar i P\u00ebrgjithsh\u00ebm, eksperienc\u00ebn e Elis\u00ebs dhe bashk\u00ebpunimin e \u00e7do strukture n\u00eb k\u00ebt\u00eb Qark, do arrijm\u00eb t\u00eb p\u00ebrmir\u00ebsojm\u00eb rezultatin n\u00eb sfidat elektorale t\u00eb radh\u00ebs\u201d shkruan Gjiknuri.<\/p>","protected":false},"excerpt":{"rendered":"<p>Sekretari i P\u00ebrgjithsh\u00ebm i Partis\u00eb Socialiste, Damian Gjiknuri, dit\u00ebn e sotme, ka prezantuar n\u00eb Kuk\u00ebs, drejtuesen e re politike t\u00eb k\u00ebtij qarku, Elisa Spiropali. Gjiknuri n\u00eb k\u00ebt\u00eb takim shoq\u00ebrohej nga deputeti Blendi Klosi. Ai shprehet i bindur se me eksperienc\u00ebn e saj Elis\u00ebs dhe bashk\u00ebpunimin e \u00e7do strukture n\u00eb k\u00ebt\u00eb Qark, do arrihet t\u00eb p\u00ebrmir\u00ebsohet [&hellip;]<\/p>\n","protected":false},"author":2016,"featured_media":204202,"comment_status":"closed","ping_status":"closed","sticky":false,"template":"","format":"standard","meta":{"footnotes":""},"categories":[241,1454],"tags":[],"class_list":{"0":"post-204200","1":"post","2":"type-post","3":"status-publish","4":"format-standard","5":"has-post-thumbnail","7":"category-aktualitet","8":"category-politike"},"_links":{"self":[{"href":"https:\/\/zjarr.tv\/en\/wp-json\/wp\/v2\/posts\/204200","targetHints":{"allow":["GET"]}}],"collection":[{"href":"https:\/\/zjarr.tv\/en\/wp-json\/wp\/v2\/posts"}],"about":[{"href":"https:\/\/zjarr.tv\/en\/wp-json\/wp\/v2\/types\/post"}],"author":[{"embeddable":true,"href":"https:\/\/zjarr.tv\/en\/wp-json\/wp\/v2\/users\/2016"}],"replies":[{"embeddable":true,"href":"https:\/\/zjarr.tv\/en\/wp-json\/wp\/v2\/comments?post=204200"}],"version-history":[{"count":0,"href":"https:\/\/zjarr.tv\/en\/wp-json\/wp\/v2\/posts\/204200\/revisions"}],"wp:featuredmedia":[{"embeddable":true,"href":"https:\/\/zjarr.tv\/en\/wp-json\/wp\/v2\/media\/204202"}],"wp:attachment":[{"href":"https:\/\/zjarr.tv\/en\/wp-json\/wp\/v2\/media?parent=204200"}],"wp:term":[{"taxonomy":"category","embeddable":true,"href":"https:\/\/zjarr.tv\/en\/wp-json\/wp\/v2\/categories?post=204200"},{"taxonomy":"post_tag","embeddable":true,"href":"https:\/\/zjarr.tv\/en\/wp-json\/wp\/v2\/tags?post=204200"}],"curies":[{"name":"wp","href":"https:\/\/api.w.org\/{rel}","templated":true}]}}