{"id":204786,"date":"2021-09-26T07:08:18","date_gmt":"2021-09-26T05:08:18","guid":{"rendered":"https:\/\/zjarr.tv\/?p=204786"},"modified":"2021-09-26T07:08:18","modified_gmt":"2021-09-26T05:08:18","slug":"mberrijne-ne-rinas-259-shtetas-afgane","status":"publish","type":"post","link":"https:\/\/zjarr.tv\/en\/mberrijne-ne-rinas-259-shtetas-afgane\/","title":{"rendered":"Mb\u00ebrrijn\u00eb n\u00eb Rinas 259 shtetas afgan\u00eb\u2026"},"content":{"rendered":"<p style=\"line-height: 17.65pt; vertical-align: baseline;\"><span style=\"color: #464343;\">Kan\u00eb mb\u00ebrritur n\u00eb Aeroportin e Rinasit, p\u00ebr t\u2019u strehuar n\u00eb Shqip\u00ebri, 259 shtetas t\u00eb tjer\u00eb nga Afganistani. Lajmi \u00ebsht\u00eb b\u00ebr\u00eb i ditur nga\u00a0Ministrja p\u00ebr pun\u00ebt e Jashtme Olta Xha\u00e7ka, e cila shprehet se mes tyre ka edhe f\u00ebmij\u00eb.<\/span><\/p>\n<p style=\"line-height: 17.65pt; vertical-align: baseline;\"><span style=\"color: #464343;\">\u201c259 f\u00ebmij\u00eb, gra e burra t\u00eb larguar nga Mazari Al Sharif, kan\u00eb mb\u00ebrritur pak m\u00eb par\u00eb n\u00eb aeroportin e Rinasit. Fal\u00eb koordinimit me partner\u00ebt, ata kan\u00eb tani nj\u00eb streh\u00eb t\u00eb sigurt, duke rikonfirmuar edhe nj\u00ebher\u00eb seriozitetin dhe p\u00ebrkushtimin e Shqip\u00ebris\u00eb, p\u00ebr shp\u00ebtimin e qindra qytetar\u00ebve afgan\u00eb\u201d, shkruan Ministrja Xha\u00e7ka.<\/span><\/p>","protected":false},"excerpt":{"rendered":"<p>Kan\u00eb mb\u00ebrritur n\u00eb Aeroportin e Rinasit, p\u00ebr t\u2019u strehuar n\u00eb Shqip\u00ebri, 259 shtetas t\u00eb tjer\u00eb nga Afganistani. Lajmi \u00ebsht\u00eb b\u00ebr\u00eb i ditur nga\u00a0Ministrja p\u00ebr pun\u00ebt e Jashtme Olta Xha\u00e7ka, e cila shprehet se mes tyre ka edhe f\u00ebmij\u00eb. \u201c259 f\u00ebmij\u00eb, gra e burra t\u00eb larguar nga Mazari Al Sharif, kan\u00eb mb\u00ebrritur pak m\u00eb par\u00eb n\u00eb [&hellip;]<\/p>\n","protected":false},"author":2016,"featured_media":0,"comment_status":"closed","ping_status":"closed","sticky":false,"template":"","format":"standard","meta":{"footnotes":""},"categories":[241],"tags":[],"class_list":{"0":"post-204786","1":"post","2":"type-post","3":"status-publish","4":"format-standard","6":"category-aktualitet"},"_links":{"self":[{"href":"https:\/\/zjarr.tv\/en\/wp-json\/wp\/v2\/posts\/204786","targetHints":{"allow":["GET"]}}],"collection":[{"href":"https:\/\/zjarr.tv\/en\/wp-json\/wp\/v2\/posts"}],"about":[{"href":"https:\/\/zjarr.tv\/en\/wp-json\/wp\/v2\/types\/post"}],"author":[{"embeddable":true,"href":"https:\/\/zjarr.tv\/en\/wp-json\/wp\/v2\/users\/2016"}],"replies":[{"embeddable":true,"href":"https:\/\/zjarr.tv\/en\/wp-json\/wp\/v2\/comments?post=204786"}],"version-history":[{"count":0,"href":"https:\/\/zjarr.tv\/en\/wp-json\/wp\/v2\/posts\/204786\/revisions"}],"wp:attachment":[{"href":"https:\/\/zjarr.tv\/en\/wp-json\/wp\/v2\/media?parent=204786"}],"wp:term":[{"taxonomy":"category","embeddable":true,"href":"https:\/\/zjarr.tv\/en\/wp-json\/wp\/v2\/categories?post=204786"},{"taxonomy":"post_tag","embeddable":true,"href":"https:\/\/zjarr.tv\/en\/wp-json\/wp\/v2\/tags?post=204786"}],"curies":[{"name":"wp","href":"https:\/\/api.w.org\/{rel}","templated":true}]}}