{"id":205261,"date":"2021-09-27T16:20:09","date_gmt":"2021-09-27T14:20:09","guid":{"rendered":"https:\/\/zjarr.tv\/?p=205261"},"modified":"2021-09-27T16:20:09","modified_gmt":"2021-09-27T14:20:09","slug":"teatri-i-kukullave-do-te-shembet-edmond-spaho-i-irrituar-aty-eshte-mbledhur-parlamenti-i-pare-nese-ndertesa-prishet-uroj-qe-urdherdhenesit-te-mbesin-nen-rrenojat","status":"publish","type":"post","link":"https:\/\/zjarr.tv\/en\/teatri-i-kukullave-do-te-shembet-edmond-spaho-i-irrituar-aty-eshte-mbledhur-parlamenti-i-pare-nese-ndertesa-prishet-uroj-qe-urdherdhenesit-te-mbesin-nen-rrenojat\/","title":{"rendered":"\u201cTeatri i Kukullave do t\u00eb shembet\u201d, Edmond Spaho i irrituar: Aty \u00ebsht\u00eb mbledhur parlamenti i par\u00eb, n\u00ebse nd\u00ebrtesa prishet uroj q\u00eb urdh\u00ebrdh\u00ebn\u00ebsit t\u00eb mbesin n\u00ebn rr\u00ebnojat\u2026"},"content":{"rendered":"<p>N\u00eb media po qarkullon lajmi se \u201cTeatri i Kukullave\u201d do t\u00eb shenbet. N\u00eb lidhje me k\u00ebt\u00eb lajm ka reaguar edhe deputeti Edmond Spaho.<\/p>\n<p>Ai me an\u00eb t\u00eb nj\u00eb postimi n\u00eb rrjetet sociale shkruan se ajo nd\u00ebrtes\u00eb nuk \u00ebsht\u00eb thjesht Teatri i Kukullave, por nj\u00eb godin\u00eb historike, pasi ka qen\u00eb godina ku \u00ebsht\u00eb mbledhur Parlamenti i par\u00eb pas shpalljes s\u00eb Pavar\u00ebsis\u00eb.<\/p>\n<p>Spaho nd\u00ebr t\u00eb tjera shkruan se ajo godin\u00eb duhet t\u00eb sh\u00ebrbej\u00eb si muze i parlamentarizmit shqiptar.<\/p>\n<p>\u201cNese ndertesa prishet nuk mund te uroj tjeter vecse urdherdhenesit te mbesin nen rrenojat e kulles qe do ngrene\u201d shkruan Spoho i irrituar.<\/p>\n<p><strong>Postimi i plot\u00eb:<\/strong><\/p>\n<p>Sot ne media eshte publikuar nje lajm ku njoftohet qe ndertesa e Teatrit te Kukullave do te shembet dhe ne vend te saj do te ndertohet nje kulle ndoshta me teater kukullash.<\/p>\n<p>Ne te vertete ajo ndertese nuk eshte Teatri i Kukullave. Te tille e beri rregjimi komunist i cili ne vend te pluralizmit instaloi diktaturen.<\/p>\n<p>Ne ate godine eshte mbledhur Parlamenti i pare pas shpalljes se Pavaresise. Eshte nje nga te paktat, ne mos e vetmja godine historike ne Tirane.<\/p>\n<p>Nd\u00ebrtesa ku sot ndodhet Teatri i Kukullave filloi t\u00eb nd\u00ebrtohet nga austriak\u00ebt dhe u p\u00ebrfundua n\u00eb vitin 1925 nga shteti shqiptar.<\/p>\n<p>Ajo ka qen\u00eb selia e legjislativit shqiptar n\u00eb vitet 1925-1944 dhe me ardhjen e komunist\u00ebve n\u00eb pushtet nd\u00ebrtesa sh\u00ebrbeu si selia e K\u00ebshillit Antifashist Nacional \u00c7lirimtar.<\/p>\n<p>M\u00eb pas, gjat\u00eb viteve t\u00eb para t\u00eb regjimit komunist, ka sh\u00ebrbyer si Sht\u00ebpia e pionier\u00ebve sovjetik\u00eb, duke qen\u00eb n\u00eb dispozicion t\u00eb f\u00ebmij\u00ebve t\u00eb specialist\u00ebve rus\u00eb. Sot k\u00ebtu \u00ebsht\u00eb vendosur Teatri i Kukullave.<\/p>\n<p>Do te jete turp i madh ne se kjo godine do shembet dhe ne vend te saj te ndertohet kulle. Ajo duhet te rikthehet ne gjendjen fillestare dhe te sherbeje si muze i parlamentarizmit shqiptar.<\/p>\n<p>Ne se ndertesa prishet nuk mund te uroj tjeter vecse urdherdhenesit te mbesin nen rrenojat e kulles qe do ngrene.<\/p>","protected":false},"excerpt":{"rendered":"<p>N\u00eb media po qarkullon lajmi se \u201cTeatri i Kukullave\u201d do t\u00eb shenbet. N\u00eb lidhje me k\u00ebt\u00eb lajm ka reaguar edhe deputeti Edmond Spaho. Ai me an\u00eb t\u00eb nj\u00eb postimi n\u00eb rrjetet sociale shkruan se ajo nd\u00ebrtes\u00eb nuk \u00ebsht\u00eb thjesht Teatri i Kukullave, por nj\u00eb godin\u00eb historike, pasi ka qen\u00eb godina ku \u00ebsht\u00eb mbledhur Parlamenti i [&hellip;]<\/p>\n","protected":false},"author":2030,"featured_media":0,"comment_status":"closed","ping_status":"closed","sticky":false,"template":"","format":"standard","meta":{"footnotes":""},"categories":[241,364],"tags":[],"class_list":{"0":"post-205261","1":"post","2":"type-post","3":"status-publish","4":"format-standard","6":"category-aktualitet","7":"category-koment-opinion"},"_links":{"self":[{"href":"https:\/\/zjarr.tv\/en\/wp-json\/wp\/v2\/posts\/205261","targetHints":{"allow":["GET"]}}],"collection":[{"href":"https:\/\/zjarr.tv\/en\/wp-json\/wp\/v2\/posts"}],"about":[{"href":"https:\/\/zjarr.tv\/en\/wp-json\/wp\/v2\/types\/post"}],"author":[{"embeddable":true,"href":"https:\/\/zjarr.tv\/en\/wp-json\/wp\/v2\/users\/2030"}],"replies":[{"embeddable":true,"href":"https:\/\/zjarr.tv\/en\/wp-json\/wp\/v2\/comments?post=205261"}],"version-history":[{"count":0,"href":"https:\/\/zjarr.tv\/en\/wp-json\/wp\/v2\/posts\/205261\/revisions"}],"wp:attachment":[{"href":"https:\/\/zjarr.tv\/en\/wp-json\/wp\/v2\/media?parent=205261"}],"wp:term":[{"taxonomy":"category","embeddable":true,"href":"https:\/\/zjarr.tv\/en\/wp-json\/wp\/v2\/categories?post=205261"},{"taxonomy":"post_tag","embeddable":true,"href":"https:\/\/zjarr.tv\/en\/wp-json\/wp\/v2\/tags?post=205261"}],"curies":[{"name":"wp","href":"https:\/\/api.w.org\/{rel}","templated":true}]}}