{"id":205335,"date":"2021-09-27T18:29:40","date_gmt":"2021-09-27T16:29:40","guid":{"rendered":"https:\/\/zjarr.tv\/?p=205335"},"modified":"2021-09-27T18:29:40","modified_gmt":"2021-09-27T16:29:40","slug":"pas-pakenaqesise-ndaj-biden-erdogan-vijon-perplasjet-ne-distance-merr-armatime-nga-rusia-ne-te-ardhmen-askush-nuk-do-na-thote-prej-kujt-te-marrim-arme","status":"publish","type":"post","link":"https:\/\/zjarr.tv\/en\/pas-pakenaqesise-ndaj-biden-erdogan-vijon-perplasjet-ne-distance-merr-armatime-nga-rusia-ne-te-ardhmen-askush-nuk-do-na-thote-prej-kujt-te-marrim-arme\/","title":{"rendered":"Pas pak\u00ebnaq\u00ebsis\u00eb ndaj Biden, Erdogan vijon p\u00ebrplasjet n\u00eb distanc\u00eb, merr armatime nga Rusia: N\u00eb t\u00eb ardhmen askush nuk do na thot\u00eb prej kujt t\u00eb marrim arm\u00eb"},"content":{"rendered":"<p>Presidenti turk, Recep Tayyip Erdogan, tha se vendi i tij do t\u00eb b\u00ebj\u00eb nj\u00eb porosi t\u00eb dyt\u00eb t\u00eb sistemit mbrojt\u00ebs rus S-400, edhe pse vendimi p\u00ebr t\u00eb marr\u00eb pajisje ushtarake nga Rusia rrezikon t\u00eb acaroj\u00eb marr\u00ebdh\u00ebniet me Shtetet e Bashkuara, q\u00eb kan\u00eb k\u00ebrc\u00ebnuar me sanksione.<\/p>\n<p>Uashingtoni thot\u00eb se ky sistem rus p\u00ebrb\u00ebn k\u00ebrc\u00ebnim p\u00ebr avion\u00ebt amerikan\u00eb F-35, si edhe p\u00ebr sistemin mbrojt\u00ebs t\u00eb NATO-s, pjes\u00eb e t\u00eb cil\u00ebs \u00ebsht\u00eb edhe Turqia. Por Ankaraja pretendon se po e b\u00ebn k\u00ebt\u00eb porosi p\u00ebr shkak se nuk ka arritur t\u00eb gjej\u00eb nj\u00eb marr\u00ebveshje t\u00eb k\u00ebnaqshme me ndonj\u00eb vend t\u00eb NATO-s.<\/p>\n<p>\u201cN\u00eb t\u00eb ardhmen, askush nuk do t\u00eb jet\u00eb n\u00eb gjendje t\u00eb nd\u00ebrhyj\u00eb p\u00ebr t\u00eb caktuar \u00e7far\u00eb sistemi mbrojt\u00ebs do t\u00eb marrim dhe nga cili shtet\u201d, tha Erdogan n\u00eb nj\u00eb intervist\u00eb p\u00ebr televizionin amerikan CBS t\u00eb diel\u00ebn. \u201cAskush nuk mund t\u00eb nd\u00ebrhyj\u00eb te kjo. Vet\u00ebm ne mund t\u00eb marrim vendime t\u00eb tilla\u201d.<\/p>\n<p>Dhjetorin e kaluar, Shtetet e Bashkuara vendos\u00ebn sanksione kund\u00ebr Drejtoris\u00eb s\u00eb Industris\u00eb Turke t\u00eb Mbrojtjes, shefit t\u00eb saj Ismail Demir dhe tre n\u00ebpun\u00ebsve t\u00eb tjer\u00eb pas vendimit p\u00ebr t\u00eb bler\u00eb sistemin rus t\u00eb mbrojtjes S-400. Bisedimet mes Turqis\u00eb dhe Rusis\u00eb p\u00ebr porosin\u00eb e dyt\u00eb vijojn\u00eb, nd\u00ebrsa amerikan\u00ebt s\u00ebrish kan\u00eb paralajm\u00ebruar p\u00ebr sanksione.<\/p>\n<p>Erdogan do t\u00eb vizitoj\u00eb Rusin\u00eb jav\u00ebn e ardhshme, p\u00ebr t\u2019u takuar me Vladimir Putin me t\u00eb cilin do t\u00eb diskutohet edhe dhuna n\u00eb veriper\u00ebndim t\u00eb Siris\u00eb.<\/p>","protected":false},"excerpt":{"rendered":"<p>Presidenti turk, Recep Tayyip Erdogan, tha se vendi i tij do t\u00eb b\u00ebj\u00eb nj\u00eb porosi t\u00eb dyt\u00eb t\u00eb sistemit mbrojt\u00ebs rus S-400, edhe pse vendimi p\u00ebr t\u00eb marr\u00eb pajisje ushtarake nga Rusia rrezikon t\u00eb acaroj\u00eb marr\u00ebdh\u00ebniet me Shtetet e Bashkuara, q\u00eb kan\u00eb k\u00ebrc\u00ebnuar me sanksione. Uashingtoni thot\u00eb se ky sistem rus p\u00ebrb\u00ebn k\u00ebrc\u00ebnim p\u00ebr avion\u00ebt [&hellip;]<\/p>\n","protected":false},"author":2030,"featured_media":140233,"comment_status":"closed","ping_status":"closed","sticky":false,"template":"","format":"standard","meta":{"footnotes":""},"categories":[241,191],"tags":[],"class_list":{"0":"post-205335","1":"post","2":"type-post","3":"status-publish","4":"format-standard","5":"has-post-thumbnail","7":"category-aktualitet","8":"category-bota"},"_links":{"self":[{"href":"https:\/\/zjarr.tv\/en\/wp-json\/wp\/v2\/posts\/205335","targetHints":{"allow":["GET"]}}],"collection":[{"href":"https:\/\/zjarr.tv\/en\/wp-json\/wp\/v2\/posts"}],"about":[{"href":"https:\/\/zjarr.tv\/en\/wp-json\/wp\/v2\/types\/post"}],"author":[{"embeddable":true,"href":"https:\/\/zjarr.tv\/en\/wp-json\/wp\/v2\/users\/2030"}],"replies":[{"embeddable":true,"href":"https:\/\/zjarr.tv\/en\/wp-json\/wp\/v2\/comments?post=205335"}],"version-history":[{"count":0,"href":"https:\/\/zjarr.tv\/en\/wp-json\/wp\/v2\/posts\/205335\/revisions"}],"wp:featuredmedia":[{"embeddable":true,"href":"https:\/\/zjarr.tv\/en\/wp-json\/wp\/v2\/media\/140233"}],"wp:attachment":[{"href":"https:\/\/zjarr.tv\/en\/wp-json\/wp\/v2\/media?parent=205335"}],"wp:term":[{"taxonomy":"category","embeddable":true,"href":"https:\/\/zjarr.tv\/en\/wp-json\/wp\/v2\/categories?post=205335"},{"taxonomy":"post_tag","embeddable":true,"href":"https:\/\/zjarr.tv\/en\/wp-json\/wp\/v2\/tags?post=205335"}],"curies":[{"name":"wp","href":"https:\/\/api.w.org\/{rel}","templated":true}]}}