{"id":205338,"date":"2021-09-27T18:30:42","date_gmt":"2021-09-27T16:30:42","guid":{"rendered":"https:\/\/zjarr.tv\/?p=205338"},"modified":"2021-09-27T18:30:42","modified_gmt":"2021-09-27T16:30:42","slug":"eshte-paditur-per-shpifje-veliaj-nuk-shkon-ne-seance-ne-gjkko-tabaku-refuzon-pajtimin","status":"publish","type":"post","link":"https:\/\/zjarr.tv\/en\/eshte-paditur-per-shpifje-veliaj-nuk-shkon-ne-seance-ne-gjkko-tabaku-refuzon-pajtimin\/","title":{"rendered":"\u00cbsht\u00eb paditur p\u00ebr shpifje, Veliaj nuk shkon n\u00eb seanc\u00eb n\u00eb GJKKO, Tabaku refuzon pajtimin"},"content":{"rendered":"<p>\u00cbsht\u00eb shtyr\u00eb n\u00eb Gjykat\u00ebn e Posa\u00e7me seanca e pajtimit nd\u00ebrmjet deputetes s\u00eb Partis\u00eb Demokratike Jorida Tabaku dhe kryebashkiakut t\u00eb Tiran\u00ebs Erion Veliaj. Shkak p\u00ebr shtyrjen e seanc\u00ebs \u00ebsht\u00eb b\u00ebr\u00eb mungesa e Veliajt, nd\u00ebrkoh\u00eb q\u00eb Tabaku nuk ka pranuar pajtimin, dhe procesi do t\u00eb vijoj\u00eb edhe pa pranin\u00eb e pal\u00ebve.<\/p>\n<p>N\u00eb nj\u00eb dalje p\u00ebr mediat jasht\u00eb gjykat\u00ebs, Tabaku tha se Veliaj ka shpifur gjat\u00eb fushat\u00ebs ndaj saj, dhe Gjykata duhet t\u00eb d\u00ebshmoj\u00eb drejt\u00ebsi edhe ndaj politikan\u00ebve t\u00eb lart\u00eb.<\/p>\n<p><em>\u201cUn\u00eb e kuptoj q\u00eb politika e dit\u00ebs hedh shum\u00eb balt\u00eb, por n\u00eb fund t\u00eb dit\u00ebs politika duhet t\u00eb ket\u00eb moral. Sa her\u00eb q\u00eb ti g\u00ebnjen p\u00ebr nj\u00eb kund\u00ebrshtar duhet t\u00eb p\u00ebrballesh me at\u00eb, gjat\u00eb fushat\u00ebs zoti Veliaj b\u00ebri disa deklarata t\u00eb pav\u00ebrteta ndaj personit tim, un\u00eb ja l\u00eb n\u00eb dor\u00eb drejt\u00ebsis\u00eb s\u00eb re q\u00eb t\u00eb veproj\u00eb, dhe t\u00eb tregoj\u00eb q\u00eb merr vendim dhe ndaj njer\u00ebzve t\u00eb pushtetsh\u00ebm.<\/em><\/p>\n<p><em>Nuk mund ta kalojm\u00eb \u00e7do g\u00ebnjesht\u00ebr q\u00eb ne hedhim pa asnj\u00eb pasoj\u00eb. Edhe pse e dim\u00eb q\u00eb zoti Veliaj \u00ebsht\u00eb i p\u00ebrfshir\u00eb n\u00eb vepra korruptive, por kemi folur vet\u00ebm me shifra dhe jo me fjal\u00eb\u201d,<\/em>\u00a0u shpreh Tabaku.<\/p>\n<p>P\u00ebrve\u00e7 Tabakut, Veliajn e ka paditur p\u00ebr shpifje edhe deputetja Grida Duma, e cila po ashtu nuk pranoi pajtimin disa dit\u00eb m\u00eb par\u00eb me kryebashkiakun e Tiran\u00ebs.<\/p>","protected":false},"excerpt":{"rendered":"<p>\u00cbsht\u00eb shtyr\u00eb n\u00eb Gjykat\u00ebn e Posa\u00e7me seanca e pajtimit nd\u00ebrmjet deputetes s\u00eb Partis\u00eb Demokratike Jorida Tabaku dhe kryebashkiakut t\u00eb Tiran\u00ebs Erion Veliaj. Shkak p\u00ebr shtyrjen e seanc\u00ebs \u00ebsht\u00eb b\u00ebr\u00eb mungesa e Veliajt, nd\u00ebrkoh\u00eb q\u00eb Tabaku nuk ka pranuar pajtimin, dhe procesi do t\u00eb vijoj\u00eb edhe pa pranin\u00eb e pal\u00ebve. N\u00eb nj\u00eb dalje p\u00ebr mediat jasht\u00eb [&hellip;]<\/p>\n","protected":false},"author":2030,"featured_media":0,"comment_status":"closed","ping_status":"closed","sticky":false,"template":"","format":"standard","meta":{"footnotes":""},"categories":[241,1454],"tags":[],"class_list":{"0":"post-205338","1":"post","2":"type-post","3":"status-publish","4":"format-standard","6":"category-aktualitet","7":"category-politike"},"_links":{"self":[{"href":"https:\/\/zjarr.tv\/en\/wp-json\/wp\/v2\/posts\/205338","targetHints":{"allow":["GET"]}}],"collection":[{"href":"https:\/\/zjarr.tv\/en\/wp-json\/wp\/v2\/posts"}],"about":[{"href":"https:\/\/zjarr.tv\/en\/wp-json\/wp\/v2\/types\/post"}],"author":[{"embeddable":true,"href":"https:\/\/zjarr.tv\/en\/wp-json\/wp\/v2\/users\/2030"}],"replies":[{"embeddable":true,"href":"https:\/\/zjarr.tv\/en\/wp-json\/wp\/v2\/comments?post=205338"}],"version-history":[{"count":0,"href":"https:\/\/zjarr.tv\/en\/wp-json\/wp\/v2\/posts\/205338\/revisions"}],"wp:attachment":[{"href":"https:\/\/zjarr.tv\/en\/wp-json\/wp\/v2\/media?parent=205338"}],"wp:term":[{"taxonomy":"category","embeddable":true,"href":"https:\/\/zjarr.tv\/en\/wp-json\/wp\/v2\/categories?post=205338"},{"taxonomy":"post_tag","embeddable":true,"href":"https:\/\/zjarr.tv\/en\/wp-json\/wp\/v2\/tags?post=205338"}],"curies":[{"name":"wp","href":"https:\/\/api.w.org\/{rel}","templated":true}]}}