{"id":205392,"date":"2021-09-28T06:56:50","date_gmt":"2021-09-28T04:56:50","guid":{"rendered":"https:\/\/zjarr.tv\/?p=205392"},"modified":"2021-09-28T08:15:05","modified_gmt":"2021-09-28T06:15:05","slug":"zbulimi-i-arjan-currit-altin-goxhaj-ka-marre-para-nga-fondacioni-soros-flet-avokati-mora-38-mije-euro-me-organizatat-qe-kam-drejtuar","status":"publish","type":"post","link":"https:\/\/zjarr.tv\/en\/zbulimi-i-arjan-currit-altin-goxhaj-ka-marre-para-nga-fondacioni-soros-flet-avokati-mora-38-mije-euro-me-organizatat-qe-kam-drejtuar\/","title":{"rendered":"Zbulimi i Arjan Currit: Altin Goxhaj ka marr\u00eb para nga Fondacioni Soros\/ Flet avokati: Mora 38 mij\u00eb euro me organizatat q\u00eb kam drejtuar\u2026"},"content":{"rendered":"<p>Altin Goxhaj, avokati \u201canti-Soros\u201d, ka qen\u00eb i ftuar n\u00eb emisionin \u201cT\u00eb Paekspozuarit\u201d, ku ka zbuluar se ka marr\u00eb edhe ai para nga Fondacioni Soros dikur, jo pak por plot 38 mij\u00eb euro. Arjan Curri, pyeti avokatin Goxhaj n\u00ebse kritikat e tij ndaj Soros, kan\u00eb nisur pasi fondacioni nuk i dha m\u00eb para.<\/p>\n<p><strong>Biseda n\u00eb studio: <\/strong>Altin Goxhaj: Jam autori i shkrimit t\u00eb par\u00eb p\u00ebr Soros. Ky njeri nuk \u00ebsht\u00eb as N\u00ebn\u00eb Tereza, as biznesmen, as filozof, por duke financuar elitat e bot\u00ebs, ka fuqin\u00eb t\u00eb rilind\u00eb ose t\u00eb shkat\u00ebrroj\u00eb nj\u00eb komb.<\/p>\n<p>Arjan Curri: Ju s\u2019keni marr\u00eb fonde nga Soros?<\/p>\n<p>Altin Goxhaj: Kam aplikuar p\u00ebr projekte.<\/p>\n<p>Arjan Curri: Si mund t\u00eb k\u00ebrkoni para nga ky njeri ju?<\/p>\n<p>Altin Goxhaj: Kur konstatova n\u00eb zyrat e Soros, planin p\u00ebr t\u00eb shkat\u00ebrruar shoq\u00ebrin\u00eb civile si hapin e par\u00eb drejt politik\u00ebs\u2026<\/p>\n<p>Arjan Curri: Nuk keni hat\u00ebrmbetje q\u00eb nuk keni marr\u00eb m\u00eb para?<\/p>\n<p>Altin Goxhaj: Un\u00eb kam marr\u00eb, po.\u00a0Pse duhet t\u00eb b\u00ebhem mercenar, q\u00eb kush m\u00eb paguan t\u00eb b\u00ebhem un\u00eb kund\u00ebr vendit?<\/p>\n<p>Arjan Curri: Si mund t\u00eb shash nj\u00eb person q\u00eb t\u00eb jep para?<\/p>\n<p>Altin Goxhaj: Nuk duhet ta akuzosh nj\u00eb njeri, pse ke marr\u00eb parat\u00eb? Kam marr\u00eb parat\u00eb n\u00eb fillim, kur kam konstatuar informacionet, jam larguar. Drejtori m\u00eb ka th\u00ebn\u00eb do t\u00eb gj\u00ebj\u00eb e keqja. Un\u00eb kam shum\u00eb padi nga ky net\u00ebork sot.<\/p>\n<p>Arjan Curri: Thon\u00eb q\u00eb \u00ebsht\u00eb hat\u00ebrmbetje, se nuk i dhan\u00eb m\u00eb lek\u00eb.<\/p>\n<p>Ylli Rakipi: Deri kur ke marr\u00eb lek\u00eb?<\/p>\n<p>Altin Goxhaj: Deri n\u00eb vitin 2001. Kisha 38 mij\u00eb euro nga Soros.<\/p>\n<p>Ylli Rakipi: Ua, ne s\u2019kemi marr\u00eb kurr\u00eb kaq. Un\u00eb kam qen\u00eb botues, mund t\u00eb kem marr\u00eb ndonj\u00eb bilet\u00eb, por kurr\u00eb k\u00ebto shifra.<\/p>\n<p>Altin Goxhaj: Nga 94 deri n\u00eb 2001 organizatat q\u00eb kam drejtuar un\u00eb kan\u00eb marr\u00eb 38 mij\u00eb euro, un\u00eb si Altin, nuk kam marr\u00eb rrog\u00eb, vet\u00ebm ndonj\u00eb bilet\u00eb avioni.<\/p>","protected":false},"excerpt":{"rendered":"<p>Altin Goxhaj, avokati \u201canti-Soros\u201d, ka qen\u00eb i ftuar n\u00eb emisionin \u201cT\u00eb Paekspozuarit\u201d, ku ka zbuluar se ka marr\u00eb edhe ai para nga Fondacioni Soros dikur, jo pak por plot 38 mij\u00eb euro. Arjan Curri, pyeti avokatin Goxhaj n\u00ebse kritikat e tij ndaj Soros, kan\u00eb nisur pasi fondacioni nuk i dha m\u00eb para. Biseda n\u00eb studio: [&hellip;]<\/p>\n","protected":false},"author":2016,"featured_media":205393,"comment_status":"closed","ping_status":"closed","sticky":false,"template":"","format":"standard","meta":{"footnotes":""},"categories":[241],"tags":[5244],"class_list":{"0":"post-205392","1":"post","2":"type-post","3":"status-publish","4":"format-standard","5":"has-post-thumbnail","7":"category-aktualitet","8":"tag-lajme-zjarr-zbulimi-i-arjan-currit-zjarr-tv"},"_links":{"self":[{"href":"https:\/\/zjarr.tv\/en\/wp-json\/wp\/v2\/posts\/205392","targetHints":{"allow":["GET"]}}],"collection":[{"href":"https:\/\/zjarr.tv\/en\/wp-json\/wp\/v2\/posts"}],"about":[{"href":"https:\/\/zjarr.tv\/en\/wp-json\/wp\/v2\/types\/post"}],"author":[{"embeddable":true,"href":"https:\/\/zjarr.tv\/en\/wp-json\/wp\/v2\/users\/2016"}],"replies":[{"embeddable":true,"href":"https:\/\/zjarr.tv\/en\/wp-json\/wp\/v2\/comments?post=205392"}],"version-history":[{"count":0,"href":"https:\/\/zjarr.tv\/en\/wp-json\/wp\/v2\/posts\/205392\/revisions"}],"wp:featuredmedia":[{"embeddable":true,"href":"https:\/\/zjarr.tv\/en\/wp-json\/wp\/v2\/media\/205393"}],"wp:attachment":[{"href":"https:\/\/zjarr.tv\/en\/wp-json\/wp\/v2\/media?parent=205392"}],"wp:term":[{"taxonomy":"category","embeddable":true,"href":"https:\/\/zjarr.tv\/en\/wp-json\/wp\/v2\/categories?post=205392"},{"taxonomy":"post_tag","embeddable":true,"href":"https:\/\/zjarr.tv\/en\/wp-json\/wp\/v2\/tags?post=205392"}],"curies":[{"name":"wp","href":"https:\/\/api.w.org\/{rel}","templated":true}]}}