{"id":205408,"date":"2021-09-28T07:38:17","date_gmt":"2021-09-28T05:38:17","guid":{"rendered":"https:\/\/zjarr.tv\/?p=205408"},"modified":"2021-09-28T07:38:17","modified_gmt":"2021-09-28T05:38:17","slug":"perplasjet-rama-kurti-flet-baton-haxhiu-albini-synon-bashkimin-kosove-shqiperi","status":"publish","type":"post","link":"https:\/\/zjarr.tv\/en\/perplasjet-rama-kurti-flet-baton-haxhiu-albini-synon-bashkimin-kosove-shqiperi\/","title":{"rendered":"P\u00ebrplasjet Rama-Kurti\/ Flet Baton Haxhiu: Albini synon bashkimin Kosov\u00eb-Shqip\u00ebri\u2026"},"content":{"rendered":"<p>Analisti Baton Haxhiu, ishte duke folur p\u00ebr raportet mes Kryeministrave Rama dhe Kurti, tha se Albin Kurti synon bashkimin e Shqip\u00ebris\u00eb me Kosov\u00ebn, por sikurse e cil\u00ebsoi ai k\u00ebt\u00eb e b\u00ebn p\u00ebr q\u00ebllime feudale. N\u00eb studion e emisionit \u201cOpinion\u201d, Haxhiu tha se Kurti e ka Kosov\u00ebn trampolin\u00eb p\u00ebr t\u00eb arritur aty ku do.<\/p>\n<p><strong style=\"font-style: inherit;\">Pjes\u00eb nga biseda<\/strong><\/p>\n<p>Haxhiu: Albini e ka gar\u00ebn me t\u00eb ardhmen, sepse e e vetmja penges\u00eb p\u00ebr t\u00eb \u00ebsht\u00eb ky (referuar Ram\u00ebs).<\/p>\n<p>Fevziu: P\u00ebrplasja lidhet me ambicjet e gjithsecilit?<\/p>\n<p>Haxhiu: Albini e ka Kosov\u00ebn trampolin\u00eb p\u00ebr t\u00eb arritur aty ku do.<\/p>\n<p>Fevziu: Kush \u00ebsht\u00eb ajo q\u00eb do?<\/p>\n<p>Haxhiu: Bashkimi i Kosov\u00ebs me Shqip\u00ebrin\u00eb.<\/p>\n<p>Fevziu: Inshalla po ta ket\u00eb at\u00eb mendje.<\/p>\n<p>Haxhiu: E ka mendjen sepse nuk i mjafton n\u00eb l\u00ebkur\u00ebn e tij nuk i arrin at\u00eb q\u00eb ka. Ambicjet e tij jan\u00eb feudale q\u00eb t\u00eb arrij\u00eb at\u00eb m\u00eb t\u00eb madhen. T\u00eb gjith\u00eb njer\u00ebzit si Albin Kurti e kan\u00eb nj\u00eb ambicje historike m\u00eb t\u00eb madhe se ambicja politike momentale.<\/p>","protected":false},"excerpt":{"rendered":"<p>Analisti Baton Haxhiu, ishte duke folur p\u00ebr raportet mes Kryeministrave Rama dhe Kurti, tha se Albin Kurti synon bashkimin e Shqip\u00ebris\u00eb me Kosov\u00ebn, por sikurse e cil\u00ebsoi ai k\u00ebt\u00eb e b\u00ebn p\u00ebr q\u00ebllime feudale. N\u00eb studion e emisionit \u201cOpinion\u201d, Haxhiu tha se Kurti e ka Kosov\u00ebn trampolin\u00eb p\u00ebr t\u00eb arritur aty ku do. Pjes\u00eb nga [&hellip;]<\/p>\n","protected":false},"author":2016,"featured_media":183488,"comment_status":"closed","ping_status":"closed","sticky":false,"template":"","format":"standard","meta":{"footnotes":""},"categories":[241,1454],"tags":[5247],"class_list":{"0":"post-205408","1":"post","2":"type-post","3":"status-publish","4":"format-standard","5":"has-post-thumbnail","7":"category-aktualitet","8":"category-politike","9":"tag-lajme-zjarr-perplasjet-rama-kurti-zjarr-tv"},"_links":{"self":[{"href":"https:\/\/zjarr.tv\/en\/wp-json\/wp\/v2\/posts\/205408","targetHints":{"allow":["GET"]}}],"collection":[{"href":"https:\/\/zjarr.tv\/en\/wp-json\/wp\/v2\/posts"}],"about":[{"href":"https:\/\/zjarr.tv\/en\/wp-json\/wp\/v2\/types\/post"}],"author":[{"embeddable":true,"href":"https:\/\/zjarr.tv\/en\/wp-json\/wp\/v2\/users\/2016"}],"replies":[{"embeddable":true,"href":"https:\/\/zjarr.tv\/en\/wp-json\/wp\/v2\/comments?post=205408"}],"version-history":[{"count":0,"href":"https:\/\/zjarr.tv\/en\/wp-json\/wp\/v2\/posts\/205408\/revisions"}],"wp:featuredmedia":[{"embeddable":true,"href":"https:\/\/zjarr.tv\/en\/wp-json\/wp\/v2\/media\/183488"}],"wp:attachment":[{"href":"https:\/\/zjarr.tv\/en\/wp-json\/wp\/v2\/media?parent=205408"}],"wp:term":[{"taxonomy":"category","embeddable":true,"href":"https:\/\/zjarr.tv\/en\/wp-json\/wp\/v2\/categories?post=205408"},{"taxonomy":"post_tag","embeddable":true,"href":"https:\/\/zjarr.tv\/en\/wp-json\/wp\/v2\/tags?post=205408"}],"curies":[{"name":"wp","href":"https:\/\/api.w.org\/{rel}","templated":true}]}}