{"id":205419,"date":"2021-09-28T08:08:57","date_gmt":"2021-09-28T06:08:57","guid":{"rendered":"https:\/\/zjarr.tv\/?p=205419"},"modified":"2021-09-28T08:08:57","modified_gmt":"2021-09-28T06:08:57","slug":"altin-goxhaj-ben-deklaraten-e-papritur-po-te-jem-gjalle-deri-ne-2023-do-te-jete-arritje-po-vjen-nje-perplasje-e-madhe","status":"publish","type":"post","link":"https:\/\/zjarr.tv\/en\/altin-goxhaj-ben-deklaraten-e-papritur-po-te-jem-gjalle-deri-ne-2023-do-te-jete-arritje-po-vjen-nje-perplasje-e-madhe\/","title":{"rendered":"Altin Goxhaj b\u00ebn deklarat\u00ebn e papritur: Po t\u00eb jem gjall\u00eb deri n\u00eb 2023, do t\u00eb jet\u00eb arritje! Po vjen nj\u00eb p\u00ebrplasje e madhe\u2026"},"content":{"rendered":"<p>Altin Goxhaj, kund\u00ebrshtari num\u00ebr nj\u00eb i Soros n\u00eb Shqip\u00ebri, ka qen\u00eb i ftuar n\u00eb emisionin \u201cT\u00eb Paekspozuarit\u201d, ku ka folur p\u00ebr idet\u00eb e tij. Goxhaj thot\u00eb se \u00ebsht\u00eb persekutuar nd\u00ebr vite dhe se n\u00eb vitin 2022, do t\u00eb vij\u00eb p\u00ebrplasja e madhe\u2026 Gjat\u00eb bised\u00ebs, Goxhaj zbuloi se dikur ka marr\u00eb edhe ai financime nga Soros, por m\u00eb pas nuk i mori m\u00eb sepse \u201czbuloi t\u00eb v\u00ebrtet\u00ebn\u201d. \u201c<em>Kam sakrifikuar jet\u00ebn. Kam hequr dor\u00eb nga pasuria. M\u00eb kan\u00eb mbyllur bizneset. M\u00eb kan\u00eb falimentuar dyqanin. Jam n\u00eb l*uft\u00eb p\u00ebr jet\u00eb a vdekje. Pres edhe vdekjen. Po t\u00eb jem gjall\u00eb n\u00eb 2023, arritje e madhe. N\u00eb 2022 do t\u00eb ket\u00eb nj\u00eb p\u00ebrplasje t\u00eb madhe. Ju nuk e keni iden\u00eb se cfar\u00eb \u00ebsht\u00eb 2022<\/em>\u201d, u shpreh Goxhaj.<\/p>\n<p><strong>Lidhur me fondet e Soros n\u00eb studio ka patur nj\u00eb bised\u00eb mes Goxhajt dhe Currit: <\/strong>Altin Goxhaj: Jam autori i shkrimit t\u00eb par\u00eb p\u00ebr Soros. Ky njeri nuk \u00ebsht\u00eb as N\u00ebn\u00eb Tereza, as biznesmen, as filozof, por duke financuar elitat e bot\u00ebs, ka fuqin\u00eb t\u00eb rilind\u00eb ose t\u00eb shkat\u00ebrroj\u00eb nj\u00eb komb.<\/p>\n<p>Arjan Curri: Ju s\u2019keni marr\u00eb fonde nga Soros?<\/p>\n<p>Altin Goxhaj: Kam aplikuar p\u00ebr projekte.<\/p>\n<p>Arjan Curri: Si mund t\u00eb k\u00ebrkoni para nga ky njeri ju?<\/p>\n<p>Altin Goxhaj: Kur konstatova n\u00eb zyrat e Soros, planin p\u00ebr t\u00eb shkat\u00ebrruar shoq\u00ebrin\u00eb civile si hapin e par\u00eb drejt politik\u00ebs\u2026<\/p>\n<p>Arjan Curri: Nuk keni hat\u00ebrmbetje q\u00eb nuk keni marr\u00eb m\u00eb para?<\/p>\n<p>Altin Goxhaj: Un\u00eb kam marr\u00eb, po.\u00a0 Pse duhet t\u00eb b\u00ebhem mercenar, q\u00eb kush m\u00eb paguan t\u00eb b\u00ebhem un\u00eb kund\u00ebr vendit?<\/p>\n<p>Arjan Curri: Si mund t\u00eb shash nj\u00eb person q\u00eb t\u00eb jep para?<\/p>\n<p>Altin Goxhaj: Nuk duhet ta akuzosh nj\u00eb njeri, pse ke marr\u00eb parat\u00eb? Kam marr\u00eb parat\u00eb n\u00eb fillim, kur kam konstatuar informacionet, jam larguar. Drejtori m\u00eb ka th\u00ebn\u00eb do t\u00eb gj\u00eb e keqe. Una kam shum\u00eb padi nga ky network sot.<\/p>\n<p>Arjan Curri: Thon\u00eb q\u00eb \u00ebsht\u00eb hat\u00ebrmbetje, se nuk ju dhan\u00eb m\u00eb lek\u00eb.<\/p>\n<p>Ylli Rakipi: Deri kur ke marr\u00eb lek\u00eb?<\/p>\n<p>Altin Goxhaj: Deri n\u00eb vitin 2001. Kisha 38 mij\u00eb euro nga Soros.<\/p>\n<p>Ylli Rakipi: Ua, ne s\u2019kemi marr\u00eb kurr\u00eb kaq. Un\u00eb kam qen\u00eb botues, mund t\u00eb kem marr\u00eb ndonj\u00eb bilet\u00eb avioni, por kurr\u00eb k\u00ebto shifra.<\/p>\n<p>Altin Goxhaj: Nga 94 deri n\u00eb 2001 organizatat q\u00eb kam drejtuar un\u00eb kan\u00eb marr\u00eb 38 mij\u00eb euro, un\u00eb si Altin, nuk kam marr\u00eb as rrog\u00eb, vet\u00ebm ndonj\u00eb bilet\u00eb avioni.<\/p>\n<p>&nbsp;<\/p>","protected":false},"excerpt":{"rendered":"<p>Altin Goxhaj, kund\u00ebrshtari num\u00ebr nj\u00eb i Soros n\u00eb Shqip\u00ebri, ka qen\u00eb i ftuar n\u00eb emisionin \u201cT\u00eb Paekspozuarit\u201d, ku ka folur p\u00ebr idet\u00eb e tij. Goxhaj thot\u00eb se \u00ebsht\u00eb persekutuar nd\u00ebr vite dhe se n\u00eb vitin 2022, do t\u00eb vij\u00eb p\u00ebrplasja e madhe\u2026 Gjat\u00eb bised\u00ebs, Goxhaj zbuloi se dikur ka marr\u00eb edhe ai financime nga Soros, [&hellip;]<\/p>\n","protected":false},"author":2016,"featured_media":205420,"comment_status":"closed","ping_status":"closed","sticky":false,"template":"","format":"standard","meta":{"footnotes":""},"categories":[241],"tags":[5250],"class_list":{"0":"post-205419","1":"post","2":"type-post","3":"status-publish","4":"format-standard","5":"has-post-thumbnail","7":"category-aktualitet","8":"tag-lajme-zjarr-altin-goxhaj-ben-deklaraten-e-papritur-zjarr-tv"},"_links":{"self":[{"href":"https:\/\/zjarr.tv\/en\/wp-json\/wp\/v2\/posts\/205419","targetHints":{"allow":["GET"]}}],"collection":[{"href":"https:\/\/zjarr.tv\/en\/wp-json\/wp\/v2\/posts"}],"about":[{"href":"https:\/\/zjarr.tv\/en\/wp-json\/wp\/v2\/types\/post"}],"author":[{"embeddable":true,"href":"https:\/\/zjarr.tv\/en\/wp-json\/wp\/v2\/users\/2016"}],"replies":[{"embeddable":true,"href":"https:\/\/zjarr.tv\/en\/wp-json\/wp\/v2\/comments?post=205419"}],"version-history":[{"count":0,"href":"https:\/\/zjarr.tv\/en\/wp-json\/wp\/v2\/posts\/205419\/revisions"}],"wp:featuredmedia":[{"embeddable":true,"href":"https:\/\/zjarr.tv\/en\/wp-json\/wp\/v2\/media\/205420"}],"wp:attachment":[{"href":"https:\/\/zjarr.tv\/en\/wp-json\/wp\/v2\/media?parent=205419"}],"wp:term":[{"taxonomy":"category","embeddable":true,"href":"https:\/\/zjarr.tv\/en\/wp-json\/wp\/v2\/categories?post=205419"},{"taxonomy":"post_tag","embeddable":true,"href":"https:\/\/zjarr.tv\/en\/wp-json\/wp\/v2\/tags?post=205419"}],"curies":[{"name":"wp","href":"https:\/\/api.w.org\/{rel}","templated":true}]}}