{"id":205513,"date":"2021-09-28T14:41:28","date_gmt":"2021-09-28T12:41:28","guid":{"rendered":"https:\/\/zjarr.tv\/?p=205513"},"modified":"2021-09-28T14:41:28","modified_gmt":"2021-09-28T12:41:28","slug":"saimir-korreshi-shoqja-kryetare-njerezit-nuk-kane-mundesi-te-blejne-ushqimet-per-te-mbajtur-familjet-e-jo-me-te-degjojne-perrallat-e-tua-me-logimin-verini-gishtin-kokes","status":"publish","type":"post","link":"https:\/\/zjarr.tv\/en\/saimir-korreshi-shoqja-kryetare-njerezit-nuk-kane-mundesi-te-blejne-ushqimet-per-te-mbajtur-familjet-e-jo-me-te-degjojne-perrallat-e-tua-me-logimin-verini-gishtin-kokes\/","title":{"rendered":"Saimir Korreshi: Shoqja Kryetare, njer\u00ebzit nuk kan\u00eb mund\u00ebsi t\u00eb blejn\u00eb ushqimet p\u00ebr t\u00eb mbajtur familjet, e jo m\u00eb t\u00eb d\u00ebgjojn\u00eb p\u00ebrrallat e tua me Logimin, v\u00ebrini gishtin kok\u00ebs\u2026"},"content":{"rendered":"<p>Deputeti i Partis\u00eb Demokratike, Saimir Korreshi, me anw tw nj\u00eb postimi n\u00eb rrjetet sociale, ka reaguar sa i p\u00ebrket k\u00ebrkes\u00ebs nga kryetarja e Komisionit t\u00eb drejtuar nga mazhoranca p\u00ebr logimin e deputet\u00ebve t\u00eb opozit\u00ebs.<\/p>\n<p>Korreshi shkruan se gjat\u00eb mbledhjes s\u00eb par\u00eb t\u00eb komisionit t\u00eb ligjeve, fjala deputet\u00ebve t\u00eb Opozit\u00ebs u \u00ebsht\u00eb mohuar pasi ata nuk ishin \u201cloguar\u201d.<\/p>\n<p>\u201cSi t\u2019ja shpjegoj mamase time fjalen LOGIM?!<br \/>\nSot ne diten e pare te mbledhjes te komisionit te ligjeve, paturpesisht, qe ne kostituimin e ketij komisioni edhe pse te gjithe anetaret e opozites ishin prezent, shoqja kryetare u mohoj fjalen. Ne kundershtim te plote me me \u00e7do norme.<br \/>\nPreteksi ?? I thjeshte fare. Qe te merrje fjalen edhe pse prezent ne sallen e mbledhjeve duhet te LOGOHESHIM. Po po keshtu u shpreh kryetarja e Komisionit te Ligjeve.<\/p>\n<p>Kjo fjale (Logim) i kishte bere pershtypje mamase time kur i thashe pse nuk na dhane fjalen. Tani si t\u2019ja shpjegoj me fjale te tjera te thjeshta, por jo vetem mamase por si mamaja ime eshte mbi 50 % e popullsise se mbetur ne Shqiperi.<\/p>\n<p>Shoqa Kryetare 97% e Shqiptareve nuk kane mundesi te blejne ushqimet per te mbajtur familjen dhe femijet dhe presin \u201cLogimin\u201d tuaj per te vene tenxheren ne zjarr qofte dhe me fasule e jo te degjojne perrallat e tua. Ndaj verini gishtin kokes se u bete gazi i botes\u201d, shkruan Korreshi.<\/p>","protected":false},"excerpt":{"rendered":"<p>Deputeti i Partis\u00eb Demokratike, Saimir Korreshi, me anw tw nj\u00eb postimi n\u00eb rrjetet sociale, ka reaguar sa i p\u00ebrket k\u00ebrkes\u00ebs nga kryetarja e Komisionit t\u00eb drejtuar nga mazhoranca p\u00ebr logimin e deputet\u00ebve t\u00eb opozit\u00ebs. Korreshi shkruan se gjat\u00eb mbledhjes s\u00eb par\u00eb t\u00eb komisionit t\u00eb ligjeve, fjala deputet\u00ebve t\u00eb Opozit\u00ebs u \u00ebsht\u00eb mohuar pasi ata nuk [&hellip;]<\/p>\n","protected":false},"author":2016,"featured_media":204155,"comment_status":"closed","ping_status":"closed","sticky":false,"template":"","format":"standard","meta":{"footnotes":""},"categories":[241,1454],"tags":[5264],"class_list":{"0":"post-205513","1":"post","2":"type-post","3":"status-publish","4":"format-standard","5":"has-post-thumbnail","7":"category-aktualitet","8":"category-politike","9":"tag-lajme-zjarr-saimir-korreshi-zjarr-tv"},"_links":{"self":[{"href":"https:\/\/zjarr.tv\/en\/wp-json\/wp\/v2\/posts\/205513","targetHints":{"allow":["GET"]}}],"collection":[{"href":"https:\/\/zjarr.tv\/en\/wp-json\/wp\/v2\/posts"}],"about":[{"href":"https:\/\/zjarr.tv\/en\/wp-json\/wp\/v2\/types\/post"}],"author":[{"embeddable":true,"href":"https:\/\/zjarr.tv\/en\/wp-json\/wp\/v2\/users\/2016"}],"replies":[{"embeddable":true,"href":"https:\/\/zjarr.tv\/en\/wp-json\/wp\/v2\/comments?post=205513"}],"version-history":[{"count":0,"href":"https:\/\/zjarr.tv\/en\/wp-json\/wp\/v2\/posts\/205513\/revisions"}],"wp:featuredmedia":[{"embeddable":true,"href":"https:\/\/zjarr.tv\/en\/wp-json\/wp\/v2\/media\/204155"}],"wp:attachment":[{"href":"https:\/\/zjarr.tv\/en\/wp-json\/wp\/v2\/media?parent=205513"}],"wp:term":[{"taxonomy":"category","embeddable":true,"href":"https:\/\/zjarr.tv\/en\/wp-json\/wp\/v2\/categories?post=205513"},{"taxonomy":"post_tag","embeddable":true,"href":"https:\/\/zjarr.tv\/en\/wp-json\/wp\/v2\/tags?post=205513"}],"curies":[{"name":"wp","href":"https:\/\/api.w.org\/{rel}","templated":true}]}}