{"id":205563,"date":"2021-09-28T18:09:23","date_gmt":"2021-09-28T16:09:23","guid":{"rendered":"https:\/\/zjarr.tv\/?p=205563"},"modified":"2021-09-28T18:09:23","modified_gmt":"2021-09-28T16:09:23","slug":"iku-dhe-ky-muhabet-denoncoi-skandalin-me-patronazhistet-vjen-pergjigja-per-emanuela-zaimin-nuk-e-gjejme-dot-kush-i-shperndau-i-pari-te-dhenat-beni-kujdes","status":"publish","type":"post","link":"https:\/\/zjarr.tv\/en\/iku-dhe-ky-muhabet-denoncoi-skandalin-me-patronazhistet-vjen-pergjigja-per-emanuela-zaimin-nuk-e-gjejme-dot-kush-i-shperndau-i-pari-te-dhenat-beni-kujdes\/","title":{"rendered":"\u201cIku dhe ky muhabet\u201d. Denoncoi skandalin me Patronazhist\u00ebt, vjen p\u00ebrgjigja p\u00ebr Emanuela Zaimin: Nuk e gjejm\u00eb dot kush i shp\u00ebrndau i pari t\u00eb dh\u00ebnat, b\u00ebni kujdes \u2026"},"content":{"rendered":"<p>Themeluesja e Fondacionit t\u00eb Sindrom\u00ebs Down, Emanula Zaimi denoncoi n\u00eb prill t\u00eb k\u00ebtij viti pran\u00eb Komisionerit p\u00ebr t\u00eb Drejt\u00ebn e Informimit dhe Mbrojtjen e t\u00eb Dh\u00ebnave Personale skandalin me patronazhist\u00ebt.<\/p>\n<p>\u201cUn\u00eb vendosa ta b\u00ebj denoncimin te Komisioneri pasi n\u00eb dijenin\u00eb time nuk di ti kem dh\u00ebn\u00eb diku dhe aq m\u00eb tep\u00ebr p\u00ebr tu p\u00ebrpunuar, e tashm\u00eb me shum\u00eb mund\u00ebsi ti ket\u00eb \u00e7do shqiptar n\u00eb dor\u00eb\u201d, tha Emanuela Zaimi n\u00eb 23 prill.<\/p>\n<p>Mir\u00ebpo p\u00ebrgjigja q\u00eb i ka ardhur nga Komisioneri \u00ebsht\u00eb q\u00eb nuk mund t\u00eb gjendet kush ka qen\u00eb p\u00ebrgjegj\u00ebsi p\u00ebr shp\u00ebrndarjen e par\u00eb t\u00eb t\u00eb dh\u00ebnave.<\/p>\n<p>Komisioneri i ka dh\u00ebn\u00eb edhe nj\u00eb k\u00ebshill\u00eb Zaimit, duke i sugjeruar t\u00eb b\u00ebj\u00eb kujdes me p\u00ebrhapjen e t\u00eb dh\u00ebnave personale.<\/p>\n<p>\u201cShfryt\u00ebzojm\u00eb rastin t\u2019ju b\u00ebjm\u00eb thirrje t\u00eb tregoni kujdes t\u00eb vazhduesh\u00ebm n\u00eb lidhje me p\u00ebrdorimin dhe p\u00ebrhapjen e t\u00eb dh\u00ebnave tuaja personale, qoft\u00eb n\u00eb komunikime individuale me persona t\u00eb tret\u00eb, qoft\u00eb n\u00eb kuad\u00ebr t\u00eb aktivitetit tuaj eventual n\u00eb mediat sociale dhe m\u00eb gjer\u00eb\u201d, thuhet nd\u00ebr t\u00eb tjera n\u00eb p\u00ebrgjigjen zyrtare.<\/p>\n<p>N\u00eb lidhje me k\u00ebt\u00eb p\u00ebrgjigje t\u00eb Komisionerit, ka pasur dhe nj\u00eb reagim nga Zaimi: \u201cIku dhe ky muhabet, u harrua!!! Keshilla e Komisionerit qe \u201cte tregojme kujdes\u201d eshte epike!!\u201c, tha ajo.<\/p>\n<p>N\u00eb dat\u00eb 11 prill 2021, portali Lapsi.al ka publikuar skandalin me p\u00ebrdorimin e t\u00eb dh\u00ebnave t\u00eb 900 mij\u00eb qytetar\u00ebve nga Partia Socialiste, njohur ndryshe edhe si skandali i Patronazhist\u00ebve. Sipas k\u00ebtij denoncimi, n\u00eb zyrat elektorale t\u00eb PS-s\u00eb \u00ebsht\u00eb v\u00ebn\u00eb n\u00eb dispozicion nj\u00eb sistem t\u00eb dh\u00ebnash, q\u00eb ngre dyshime t\u00eb forta p\u00ebr p\u00ebrdorimin e database shtet\u00ebrore t\u00eb E-Albania n\u00eb funksion t\u00eb partis\u00eb n\u00eb pushtet.<\/p>","protected":false},"excerpt":{"rendered":"<p>Themeluesja e Fondacionit t\u00eb Sindrom\u00ebs Down, Emanula Zaimi denoncoi n\u00eb prill t\u00eb k\u00ebtij viti pran\u00eb Komisionerit p\u00ebr t\u00eb Drejt\u00ebn e Informimit dhe Mbrojtjen e t\u00eb Dh\u00ebnave Personale skandalin me patronazhist\u00ebt. \u201cUn\u00eb vendosa ta b\u00ebj denoncimin te Komisioneri pasi n\u00eb dijenin\u00eb time nuk di ti kem dh\u00ebn\u00eb diku dhe aq m\u00eb tep\u00ebr p\u00ebr tu p\u00ebrpunuar, e [&hellip;]<\/p>\n","protected":false},"author":2031,"featured_media":178126,"comment_status":"closed","ping_status":"closed","sticky":false,"template":"","format":"standard","meta":{"footnotes":""},"categories":[231],"tags":[],"class_list":{"0":"post-205563","1":"post","2":"type-post","3":"status-publish","4":"format-standard","5":"has-post-thumbnail","7":"category-lajme"},"_links":{"self":[{"href":"https:\/\/zjarr.tv\/en\/wp-json\/wp\/v2\/posts\/205563","targetHints":{"allow":["GET"]}}],"collection":[{"href":"https:\/\/zjarr.tv\/en\/wp-json\/wp\/v2\/posts"}],"about":[{"href":"https:\/\/zjarr.tv\/en\/wp-json\/wp\/v2\/types\/post"}],"author":[{"embeddable":true,"href":"https:\/\/zjarr.tv\/en\/wp-json\/wp\/v2\/users\/2031"}],"replies":[{"embeddable":true,"href":"https:\/\/zjarr.tv\/en\/wp-json\/wp\/v2\/comments?post=205563"}],"version-history":[{"count":0,"href":"https:\/\/zjarr.tv\/en\/wp-json\/wp\/v2\/posts\/205563\/revisions"}],"wp:featuredmedia":[{"embeddable":true,"href":"https:\/\/zjarr.tv\/en\/wp-json\/wp\/v2\/media\/178126"}],"wp:attachment":[{"href":"https:\/\/zjarr.tv\/en\/wp-json\/wp\/v2\/media?parent=205563"}],"wp:term":[{"taxonomy":"category","embeddable":true,"href":"https:\/\/zjarr.tv\/en\/wp-json\/wp\/v2\/categories?post=205563"},{"taxonomy":"post_tag","embeddable":true,"href":"https:\/\/zjarr.tv\/en\/wp-json\/wp\/v2\/tags?post=205563"}],"curies":[{"name":"wp","href":"https:\/\/api.w.org\/{rel}","templated":true}]}}