{"id":205566,"date":"2021-09-28T18:18:41","date_gmt":"2021-09-28T16:18:41","guid":{"rendered":"https:\/\/zjarr.tv\/?p=205566"},"modified":"2021-09-28T18:21:09","modified_gmt":"2021-09-28T16:21:09","slug":"spitali-infektiv-do-te-rindertohet-ja-cfare-parashikon-projekti-i-ri","status":"publish","type":"post","link":"https:\/\/zjarr.tv\/en\/spitali-infektiv-do-te-rindertohet-ja-cfare-parashikon-projekti-i-ri\/","title":{"rendered":"Spitali Infektiv do t\u00eb rind\u00ebrtohet, ja \u00e7far\u00eb parashikon projekti i ri"},"content":{"rendered":"<p>Spitali infektiv do t\u00eb rind\u00ebrtohet. N\u00eb Ministrin\u00eb e Sh\u00ebndet\u00ebsis\u00eb dhe Mbrojtjes Sociale kan\u00eb nisur konsultimet p\u00ebr projektin e ri, si pjes\u00eb e p\u00ebrgjigjes ndaj emergjenc\u00ebs s\u00eb Covid19.<\/p>\n<p>\u201cN\u00ebp\u00ebrmjet projektit t\u00eb p\u00ebrballimit t\u00eb emergjenc\u00ebs s\u00eb Covid-19 t\u00eb mb\u00ebshtetur nga Banka Bot\u00ebrore, ne kemi tashm\u00eb filluar tashm\u00eb t\u00eb hedhim hapat e par\u00eb n\u00eb zbatimin e k\u00ebtij projekti, i cili \u00ebsht\u00eb pjes\u00eb e planit komb\u00ebtar t\u00eb p\u00ebrgjigjes kund\u00ebr Covid-19, planit ton\u00eb 2 vje\u00e7ar q\u00eb tashm\u00eb \u00ebsht\u00eb miratuar dhe po jet\u00ebsohet\u201d.<\/p>\n<p>Ministrja Manastirliu tha se plani i p\u00ebrgjigjes ndaj Covid-19 p\u00ebrfshin edhe fuqizimin e spitaleve t\u00eb tjera rajonal\u00eb.<\/p>\n<p>\u201cN\u00ebp\u00ebrmjet planit ton\u00eb t\u00eb veprimit, kemi parashikuar t\u00eb b\u00ebjm\u00eb t\u00eb mundur p\u00ebrforcimin e struktur\u00ebs ton\u00eb t\u00eb Urgjenc\u00ebs Komb\u00ebtare me 20 autoambulanca t\u00eb reja q\u00eb do i shtohen flot\u00ebs ekzistuese n\u00eb t\u00eb gjith\u00eb vendin. Nga ana tjet\u00ebr do t\u00eb vijojm\u00eb pra t\u00eb fuqizojm\u00eb spitalet rajonale\u201d.<\/p>\n<p>Projekti i ri i spitalit infektiv parashikon jo vet\u00ebm rehabilitimin por edhe zgjerimin e tij, me aparatura t\u00eb teknologjis\u00eb s\u00eb lart\u00eb p\u00ebr sh\u00ebrbimin infektiv t\u00eb nivelit terciar, si qend\u00ebr reference p\u00ebr t\u00eb gjith\u00eb vendin.<\/p>","protected":false},"excerpt":{"rendered":"<p>Spitali infektiv do t\u00eb rind\u00ebrtohet. N\u00eb Ministrin\u00eb e Sh\u00ebndet\u00ebsis\u00eb dhe Mbrojtjes Sociale kan\u00eb nisur konsultimet p\u00ebr projektin e ri, si pjes\u00eb e p\u00ebrgjigjes ndaj emergjenc\u00ebs s\u00eb Covid19. \u201cN\u00ebp\u00ebrmjet projektit t\u00eb p\u00ebrballimit t\u00eb emergjenc\u00ebs s\u00eb Covid-19 t\u00eb mb\u00ebshtetur nga Banka Bot\u00ebrore, ne kemi tashm\u00eb filluar tashm\u00eb t\u00eb hedhim hapat e par\u00eb n\u00eb zbatimin e k\u00ebtij projekti, [&hellip;]<\/p>\n","protected":false},"author":2031,"featured_media":0,"comment_status":"closed","ping_status":"closed","sticky":false,"template":"","format":"standard","meta":{"footnotes":""},"categories":[231],"tags":[],"class_list":{"0":"post-205566","1":"post","2":"type-post","3":"status-publish","4":"format-standard","6":"category-lajme"},"_links":{"self":[{"href":"https:\/\/zjarr.tv\/en\/wp-json\/wp\/v2\/posts\/205566","targetHints":{"allow":["GET"]}}],"collection":[{"href":"https:\/\/zjarr.tv\/en\/wp-json\/wp\/v2\/posts"}],"about":[{"href":"https:\/\/zjarr.tv\/en\/wp-json\/wp\/v2\/types\/post"}],"author":[{"embeddable":true,"href":"https:\/\/zjarr.tv\/en\/wp-json\/wp\/v2\/users\/2031"}],"replies":[{"embeddable":true,"href":"https:\/\/zjarr.tv\/en\/wp-json\/wp\/v2\/comments?post=205566"}],"version-history":[{"count":0,"href":"https:\/\/zjarr.tv\/en\/wp-json\/wp\/v2\/posts\/205566\/revisions"}],"wp:attachment":[{"href":"https:\/\/zjarr.tv\/en\/wp-json\/wp\/v2\/media?parent=205566"}],"wp:term":[{"taxonomy":"category","embeddable":true,"href":"https:\/\/zjarr.tv\/en\/wp-json\/wp\/v2\/categories?post=205566"},{"taxonomy":"post_tag","embeddable":true,"href":"https:\/\/zjarr.tv\/en\/wp-json\/wp\/v2\/tags?post=205566"}],"curies":[{"name":"wp","href":"https:\/\/api.w.org\/{rel}","templated":true}]}}