{"id":206486,"date":"2021-10-01T18:29:57","date_gmt":"2021-10-01T16:29:57","guid":{"rendered":"https:\/\/zjarr.tv\/?p=206486"},"modified":"2021-10-01T18:29:57","modified_gmt":"2021-10-01T16:29:57","slug":"edvin-kristaq-rama-iu-ka-bere-me-keq-se-cdo-pushtues-sali-berisha-nis-takimin-me-kompliment-te-vecante-per-demokratet-e-shkodres-jeni-te-vetmit","status":"publish","type":"post","link":"https:\/\/zjarr.tv\/en\/edvin-kristaq-rama-iu-ka-bere-me-keq-se-cdo-pushtues-sali-berisha-nis-takimin-me-kompliment-te-vecante-per-demokratet-e-shkodres-jeni-te-vetmit\/","title":{"rendered":"\u201cEdvin Kristaq Rama iu ka b\u00ebr\u00eb m\u00eb keq se \u00e7do pushtues\u201d. Sali Berisha nis takimin me kompliment t\u00eb ve\u00e7ant\u00eb p\u00ebr demokrat\u00ebt e Shkodr\u00ebs: Jeni t\u00eb vetmit \u2026"},"content":{"rendered":"<p>Ish-Kryeministri Sali Berisha e ka nisur takimin me demokrat\u00ebt e Shkodr\u00ebs me nj\u00eb vler\u00ebsim p\u00ebr ta, duke i th\u00ebn\u00eb se jan\u00eb ata q\u00eb kan\u00eb raportin me t\u00eb v\u00ebrtet\u00ebn m\u00eb t\u00eb sakt\u00eb dhe m\u00eb t\u00eb drejt\u00eb nga t\u00eb gjitha qytetet tjera shqiptare.<\/p>\n<p>\u201cM\u00eb lejoni t\u00eb p\u00ebrulem p\u00ebrpara martir\u00ebve t\u00eb k\u00ebtij qyteti. Ky qytet raportin me t\u00eb v\u00ebrtet\u00ebn e ka pasur pam\u00ebdyshje m\u00eb t\u00eb drejt\u00eb dhe m\u00eb t\u00eb sakt\u00eb se t\u00eb gjith\u00eb shqiptar\u00ebt. \u00cbsht\u00eb ky raport i shkodran\u00ebve q\u00eb e ka b\u00ebr\u00eb Shkodr\u00ebn qytetin e sakrificave t\u00eb m\u00ebdha p\u00ebr dinjitet komb\u00ebtar dhe p\u00ebr liri e dinjitet njer\u00ebzor. \u00cbsht\u00eb ky raport q\u00eb e b\u00ebri Shkodr\u00ebn epiqed\u00ebr n\u00eb antikomunizmit jo vet\u00ebm n\u00eb Shqip\u00ebri por n\u00eb Europ\u00eb. \u00cbsht\u00eb ky raport q\u00eb b\u00ebri q\u00eb Shkodra t\u00eb ket\u00eb martir\u00eb dhe d\u00ebshmor\u00eb p\u00ebr q\u00ebndres\u00ebn kund\u00ebr regjimit barbar komunist. Vij k\u00ebtu psi Shkodra p\u00ebrjetoi gjat\u00eb 8 viteve t\u00eb regjimit t\u00eb narkoshtetit shqiptar nj\u00eb diskriminin q\u00eb asaj nuk ia ka b\u00ebr\u00eb asnj\u00eb pushtues tjet\u00ebr. N\u00eb q\u00ebndrimin e qeveris\u00eb s\u00eb Tiran\u00ebs ndaj Shkodr\u00ebs, n\u00eb abuzimin e saj me taksat e k\u00ebtij qarku dhe veriut, t\u00eb diskriminuar me investime t\u00eb pakryera. Asnj\u00eb pushtues tjet\u00ebr nuk i ka b\u00ebr\u00eb Shkodr\u00ebs m\u00eb shum\u00eb te keqe se Edvin Kristaq Rama. Po vija nga Tirana, gjys\u00ebm ore p\u00ebr t\u00eb kaluar 7 kilometra Gryk\u00eb Shishje e cila ishte planifikuar p\u00ebr tu p\u00ebrfunduar ky kalojn\u00eb 12 rrethe t\u00eb veriut dhe Kosova sepse p\u00ebr ta veriu nuk ekziston. Sot po ndalem shkurtimisht ne rekordet m\u00eb t\u00eb zeza t\u00eb k\u00ebsaj qeverie, sot regjimi i Edi Ram\u00ebs i katandisi nga qytetar\u00ebt me rrogat m\u00eb t\u00eb larta n\u00eb rajon em ato m\u00eb t\u00eb ul\u00ebta. Un\u00eb jam\u00a0 marr\u00eb me statistikat, Shkodra ka njohur numrin m\u00eb t\u00eb madh t\u00eb arrestimeve si n\u00eb asnj\u00eb vend tjet\u00ebr t\u00eb planetit n\u00eb koh\u00eb komunizmi pse nuk paguan tarifat e dritave\u201d, tha Berisha.<\/p>","protected":false},"excerpt":{"rendered":"<p>Ish-Kryeministri Sali Berisha e ka nisur takimin me demokrat\u00ebt e Shkodr\u00ebs me nj\u00eb vler\u00ebsim p\u00ebr ta, duke i th\u00ebn\u00eb se jan\u00eb ata q\u00eb kan\u00eb raportin me t\u00eb v\u00ebrtet\u00ebn m\u00eb t\u00eb sakt\u00eb dhe m\u00eb t\u00eb drejt\u00eb nga t\u00eb gjitha qytetet tjera shqiptare. \u201cM\u00eb lejoni t\u00eb p\u00ebrulem p\u00ebrpara martir\u00ebve t\u00eb k\u00ebtij qyteti. Ky qytet raportin me t\u00eb [&hellip;]<\/p>\n","protected":false},"author":2030,"featured_media":206487,"comment_status":"closed","ping_status":"closed","sticky":false,"template":"","format":"standard","meta":{"footnotes":""},"categories":[241,1454],"tags":[],"class_list":{"0":"post-206486","1":"post","2":"type-post","3":"status-publish","4":"format-standard","5":"has-post-thumbnail","7":"category-aktualitet","8":"category-politike"},"_links":{"self":[{"href":"https:\/\/zjarr.tv\/en\/wp-json\/wp\/v2\/posts\/206486","targetHints":{"allow":["GET"]}}],"collection":[{"href":"https:\/\/zjarr.tv\/en\/wp-json\/wp\/v2\/posts"}],"about":[{"href":"https:\/\/zjarr.tv\/en\/wp-json\/wp\/v2\/types\/post"}],"author":[{"embeddable":true,"href":"https:\/\/zjarr.tv\/en\/wp-json\/wp\/v2\/users\/2030"}],"replies":[{"embeddable":true,"href":"https:\/\/zjarr.tv\/en\/wp-json\/wp\/v2\/comments?post=206486"}],"version-history":[{"count":0,"href":"https:\/\/zjarr.tv\/en\/wp-json\/wp\/v2\/posts\/206486\/revisions"}],"wp:featuredmedia":[{"embeddable":true,"href":"https:\/\/zjarr.tv\/en\/wp-json\/wp\/v2\/media\/206487"}],"wp:attachment":[{"href":"https:\/\/zjarr.tv\/en\/wp-json\/wp\/v2\/media?parent=206486"}],"wp:term":[{"taxonomy":"category","embeddable":true,"href":"https:\/\/zjarr.tv\/en\/wp-json\/wp\/v2\/categories?post=206486"},{"taxonomy":"post_tag","embeddable":true,"href":"https:\/\/zjarr.tv\/en\/wp-json\/wp\/v2\/tags?post=206486"}],"curies":[{"name":"wp","href":"https:\/\/api.w.org\/{rel}","templated":true}]}}