{"id":206490,"date":"2021-10-01T18:36:39","date_gmt":"2021-10-01T16:36:39","guid":{"rendered":"https:\/\/zjarr.tv\/?p=206490"},"modified":"2021-10-01T18:36:39","modified_gmt":"2021-10-01T16:36:39","slug":"mungon-evi-kokalari-qindra-qytetare-presin-berishen-ne-shkoder-te-pranishem-edhe-disa-deputete-demokrate","status":"publish","type":"post","link":"https:\/\/zjarr.tv\/en\/mungon-evi-kokalari-qindra-qytetare-presin-berishen-ne-shkoder-te-pranishem-edhe-disa-deputete-demokrate\/","title":{"rendered":"Mungon Evi Kokalari? Qindra qytetar\u00eb presin Berish\u00ebn n\u00eb Shkod\u00ebr, t\u00eb pranish\u00ebm edhe disa deputet\u00eb demokrat\u00eb"},"content":{"rendered":"<p>Qindra qytetar\u00eb jan\u00eb mbledhur dit\u00ebn e sotme n\u00eb qytetin e Shkodr\u00ebs p\u00ebr t\u00eb pritur ish-kryeministrin Sali Berisha, i cili po zhvillon \u201cFoltoren\u201d e radh\u00ebs n\u00eb qytetin verior.<\/p>\n<p>Edhe n\u00eb k\u00ebt\u00eb takim, Berisha \u00ebsht\u00eb shoq\u00ebruar nga deputeti Flamur Noka, nd\u00ebrkoh\u00eb q\u00eb t\u00eb pranish\u00ebm jan\u00eb edhe ish-deputet\u00ebt Klevis Balliu, Aldo Bum\u00e7i dhe Gent Strazimiri.<\/p>\n<p>Gjithashtu n\u00eb mb\u00ebshtetje t\u00eb Berish\u00ebs jan\u00eb edhe ish deputeti Lorenc Luka, kreu i FRPD, Arvid Vushati, ish kryetrar\u00ebt e bashkis\u00eb Ormir Rusi dhe Artan Haxhi dhe sekretari i deg\u00ebs PD, Aleksander Marleci.<\/p>\n<p>Por ajo q\u00eb vihet re \u00ebsht\u00eb mungesa e aktivistes Evi Kokalari, e cila u shpreh dit\u00ebn e djeshme se do t\u00eb ishte n\u00eb krah t\u00eb Berish\u00ebs. Nuk dihet n\u00ebse Kokalari do t\u00eb mb\u00ebrrij\u00eb me vones\u00eb n\u00eb k\u00ebt\u00eb takim apo nuk do t\u00eb jet\u00eb fare e pranishme, por deri m\u00eb tani ajo nuk \u00ebsht\u00eb par\u00eb n\u00eb Shkod\u00ebr.<\/p>","protected":false},"excerpt":{"rendered":"<p>Qindra qytetar\u00eb jan\u00eb mbledhur dit\u00ebn e sotme n\u00eb qytetin e Shkodr\u00ebs p\u00ebr t\u00eb pritur ish-kryeministrin Sali Berisha, i cili po zhvillon \u201cFoltoren\u201d e radh\u00ebs n\u00eb qytetin verior. Edhe n\u00eb k\u00ebt\u00eb takim, Berisha \u00ebsht\u00eb shoq\u00ebruar nga deputeti Flamur Noka, nd\u00ebrkoh\u00eb q\u00eb t\u00eb pranish\u00ebm jan\u00eb edhe ish-deputet\u00ebt Klevis Balliu, Aldo Bum\u00e7i dhe Gent Strazimiri. Gjithashtu n\u00eb mb\u00ebshtetje [&hellip;]<\/p>\n","protected":false},"author":2030,"featured_media":206491,"comment_status":"closed","ping_status":"closed","sticky":false,"template":"","format":"standard","meta":{"footnotes":""},"categories":[241,1454],"tags":[],"class_list":{"0":"post-206490","1":"post","2":"type-post","3":"status-publish","4":"format-standard","5":"has-post-thumbnail","7":"category-aktualitet","8":"category-politike"},"_links":{"self":[{"href":"https:\/\/zjarr.tv\/en\/wp-json\/wp\/v2\/posts\/206490","targetHints":{"allow":["GET"]}}],"collection":[{"href":"https:\/\/zjarr.tv\/en\/wp-json\/wp\/v2\/posts"}],"about":[{"href":"https:\/\/zjarr.tv\/en\/wp-json\/wp\/v2\/types\/post"}],"author":[{"embeddable":true,"href":"https:\/\/zjarr.tv\/en\/wp-json\/wp\/v2\/users\/2030"}],"replies":[{"embeddable":true,"href":"https:\/\/zjarr.tv\/en\/wp-json\/wp\/v2\/comments?post=206490"}],"version-history":[{"count":0,"href":"https:\/\/zjarr.tv\/en\/wp-json\/wp\/v2\/posts\/206490\/revisions"}],"wp:featuredmedia":[{"embeddable":true,"href":"https:\/\/zjarr.tv\/en\/wp-json\/wp\/v2\/media\/206491"}],"wp:attachment":[{"href":"https:\/\/zjarr.tv\/en\/wp-json\/wp\/v2\/media?parent=206490"}],"wp:term":[{"taxonomy":"category","embeddable":true,"href":"https:\/\/zjarr.tv\/en\/wp-json\/wp\/v2\/categories?post=206490"},{"taxonomy":"post_tag","embeddable":true,"href":"https:\/\/zjarr.tv\/en\/wp-json\/wp\/v2\/tags?post=206490"}],"curies":[{"name":"wp","href":"https:\/\/api.w.org\/{rel}","templated":true}]}}