{"id":206877,"date":"2021-10-04T07:48:54","date_gmt":"2021-10-04T05:48:54","guid":{"rendered":"https:\/\/zjarr.tv\/?p=206877"},"modified":"2021-10-04T07:48:54","modified_gmt":"2021-10-04T05:48:54","slug":"rama-paralajmeroi-krize-flet-eksperti-eshte-krize-menaxhimi-enti-rregullator-ka-tete-vite-qe-fle","status":"publish","type":"post","link":"https:\/\/zjarr.tv\/en\/rama-paralajmeroi-krize-flet-eksperti-eshte-krize-menaxhimi-enti-rregullator-ka-tete-vite-qe-fle\/","title":{"rendered":"Rama paralajm\u00ebroi kriz\u00eb\/ Flet eksperti: \u00cbsht\u00eb kriz\u00eb menaxhimi, Enti Rregullator ka tet\u00eb vite q\u00eb fle\u2026"},"content":{"rendered":"<p>Eksperti i energjis\u00eb Eduart Elezi, ka folur lidhur me paralajm\u00ebrimin e Kryeministrit Edi Rama, p\u00ebr kriz\u00ebn energjitike n\u00eb vend. N\u00eb studion e lajmeve t\u00eb Vizion Plus, Elezi theksoi s\u00eb kjo nuk \u00ebsht\u00eb nj\u00eb kriz\u00eb energjie, por kriz\u00eb menaxhimi.<\/p>\n<p><strong><em>\u201cNuk \u00ebsht\u00eb kriz\u00eb energjitike \u00ebsht\u00eb krize menaxhimi, energji ka por problematika \u00ebsht\u00eb tek \u00e7mimet. Koh\u00ebt e fundit \u00e7mimet e energjise n\u00eb tregun rajona kan\u00eb qen\u00eb \u00e7mime t\u00eb larta. Kjo \u00ebsht\u00eb krize menaxhimi, pse \u00ebsht\u00eb shitur energjia elektrike kur liqeni i Fierzes ishte mbi kuot\u00eb dhe p\u00ebr nj\u00eb muaj e gjysm\u00eb \u00ebsht\u00eb zbrazur totalisht. Tani blihet energji nga OSHEE me \u00e7mimet 230 euro\u201d,<\/em><\/strong>\u00a0theksoi Elezi.<\/p>\n<p>Sipas tij, problemi q\u00eb foli sot Kryeministri \u00ebsht\u00eb problematik\u00eb ligjore, sepse \u00e7mimet l\u00ebvizin nga Enti Rregullator i Energjis\u00eb q\u00eb \u00ebsht\u00eb n\u00eb var\u00ebsi t\u00eb Kuvendit shqiptar.<\/p>\n<p><strong><em>\u201cKryeministri mund t\u2019u drejtohet kompanive q\u00eb t\u00eb aplikojn\u00eb n\u00eb Entin Rregullator, i cili nuk \u00ebsht\u00eb funksional ka tet\u00eb vite q\u00eb fle.<\/em><\/strong><strong>\u00a0Duhet t\u00eb ishte p\u00ebrgatitur nga Enti Rregullator, duhet te ishim marr\u00eb t\u00eb gjitha masat ligjore\u201d<\/strong>, tha ai.<\/p>","protected":false},"excerpt":{"rendered":"<p>Eksperti i energjis\u00eb Eduart Elezi, ka folur lidhur me paralajm\u00ebrimin e Kryeministrit Edi Rama, p\u00ebr kriz\u00ebn energjitike n\u00eb vend. N\u00eb studion e lajmeve t\u00eb Vizion Plus, Elezi theksoi s\u00eb kjo nuk \u00ebsht\u00eb nj\u00eb kriz\u00eb energjie, por kriz\u00eb menaxhimi. \u201cNuk \u00ebsht\u00eb kriz\u00eb energjitike \u00ebsht\u00eb krize menaxhimi, energji ka por problematika \u00ebsht\u00eb tek \u00e7mimet. Koh\u00ebt e fundit [&hellip;]<\/p>\n","protected":false},"author":2016,"featured_media":206878,"comment_status":"closed","ping_status":"closed","sticky":false,"template":"","format":"standard","meta":{"footnotes":""},"categories":[241],"tags":[],"class_list":{"0":"post-206877","1":"post","2":"type-post","3":"status-publish","4":"format-standard","5":"has-post-thumbnail","7":"category-aktualitet"},"_links":{"self":[{"href":"https:\/\/zjarr.tv\/en\/wp-json\/wp\/v2\/posts\/206877","targetHints":{"allow":["GET"]}}],"collection":[{"href":"https:\/\/zjarr.tv\/en\/wp-json\/wp\/v2\/posts"}],"about":[{"href":"https:\/\/zjarr.tv\/en\/wp-json\/wp\/v2\/types\/post"}],"author":[{"embeddable":true,"href":"https:\/\/zjarr.tv\/en\/wp-json\/wp\/v2\/users\/2016"}],"replies":[{"embeddable":true,"href":"https:\/\/zjarr.tv\/en\/wp-json\/wp\/v2\/comments?post=206877"}],"version-history":[{"count":0,"href":"https:\/\/zjarr.tv\/en\/wp-json\/wp\/v2\/posts\/206877\/revisions"}],"wp:featuredmedia":[{"embeddable":true,"href":"https:\/\/zjarr.tv\/en\/wp-json\/wp\/v2\/media\/206878"}],"wp:attachment":[{"href":"https:\/\/zjarr.tv\/en\/wp-json\/wp\/v2\/media?parent=206877"}],"wp:term":[{"taxonomy":"category","embeddable":true,"href":"https:\/\/zjarr.tv\/en\/wp-json\/wp\/v2\/categories?post=206877"},{"taxonomy":"post_tag","embeddable":true,"href":"https:\/\/zjarr.tv\/en\/wp-json\/wp\/v2\/tags?post=206877"}],"curies":[{"name":"wp","href":"https:\/\/api.w.org\/{rel}","templated":true}]}}