{"id":206915,"date":"2021-10-04T10:05:01","date_gmt":"2021-10-04T08:05:01","guid":{"rendered":"https:\/\/zjarr.tv\/?p=206915"},"modified":"2021-10-04T10:05:01","modified_gmt":"2021-10-04T08:05:01","slug":"milaim-zekes-nuk-i-del-e-keqja-me-seldi-qalliun-i-organizova-feste-vajzes-pas-ndarjes-nga-ai-idioti","status":"publish","type":"post","link":"https:\/\/zjarr.tv\/en\/milaim-zekes-nuk-i-del-e-keqja-me-seldi-qalliun-i-organizova-feste-vajzes-pas-ndarjes-nga-ai-idioti\/","title":{"rendered":"Milaim Zek\u00ebs nuk i del \u201ce keqja\u201d me Seldi Qalliun: I organizova fest\u00eb vajz\u00ebs pas ndarjes nga ai idioti"},"content":{"rendered":"<p>Gazetarit kosovar Milaim Zeka, duket se nuk i ka dal\u00eb ende inati me ish-dh\u00ebndrin e tij, Seldi Qalliun, i cili ishte i fejuar me Dafin\u00ebn, vajz\u00ebn e gazetarit.<\/p>\n<p>Seldi dhe Dafina q\u00ebndruan 5 vite t\u00eb fejuar, por lidhja e tyre mori fund n\u00eb vitin 2016, teksa n\u00eb media Seldi u shpreh n\u00eb at\u00eb koh\u00eb se gjith\u00e7ka ishte mbyllur me konsensus.<\/p>\n<p>Por Milaim Zeka nuk e ka harruar ende ndarjen e vajz\u00ebs s\u00eb tij nga Seldi, pasi \u00a0ai ka th\u00ebn\u00eb se ka festuar me vajz\u00ebn e tij ndarjen nga Seldi, t\u00eb cilin e ka etiketuar \u201cai idioti\u201d.<\/p>\n<p>&nbsp;<\/p>","protected":false},"excerpt":{"rendered":"<p>Gazetarit kosovar Milaim Zeka, duket se nuk i ka dal\u00eb ende inati me ish-dh\u00ebndrin e tij, Seldi Qalliun, i cili ishte i fejuar me Dafin\u00ebn, vajz\u00ebn e gazetarit. Seldi dhe Dafina q\u00ebndruan 5 vite t\u00eb fejuar, por lidhja e tyre mori fund n\u00eb vitin 2016, teksa n\u00eb media Seldi u shpreh n\u00eb at\u00eb koh\u00eb se [&hellip;]<\/p>\n","protected":false},"author":2016,"featured_media":206916,"comment_status":"closed","ping_status":"closed","sticky":false,"template":"","format":"standard","meta":{"footnotes":""},"categories":[193],"tags":[],"class_list":{"0":"post-206915","1":"post","2":"type-post","3":"status-publish","4":"format-standard","5":"has-post-thumbnail","7":"category-showbiz"},"_links":{"self":[{"href":"https:\/\/zjarr.tv\/en\/wp-json\/wp\/v2\/posts\/206915","targetHints":{"allow":["GET"]}}],"collection":[{"href":"https:\/\/zjarr.tv\/en\/wp-json\/wp\/v2\/posts"}],"about":[{"href":"https:\/\/zjarr.tv\/en\/wp-json\/wp\/v2\/types\/post"}],"author":[{"embeddable":true,"href":"https:\/\/zjarr.tv\/en\/wp-json\/wp\/v2\/users\/2016"}],"replies":[{"embeddable":true,"href":"https:\/\/zjarr.tv\/en\/wp-json\/wp\/v2\/comments?post=206915"}],"version-history":[{"count":0,"href":"https:\/\/zjarr.tv\/en\/wp-json\/wp\/v2\/posts\/206915\/revisions"}],"wp:featuredmedia":[{"embeddable":true,"href":"https:\/\/zjarr.tv\/en\/wp-json\/wp\/v2\/media\/206916"}],"wp:attachment":[{"href":"https:\/\/zjarr.tv\/en\/wp-json\/wp\/v2\/media?parent=206915"}],"wp:term":[{"taxonomy":"category","embeddable":true,"href":"https:\/\/zjarr.tv\/en\/wp-json\/wp\/v2\/categories?post=206915"},{"taxonomy":"post_tag","embeddable":true,"href":"https:\/\/zjarr.tv\/en\/wp-json\/wp\/v2\/tags?post=206915"}],"curies":[{"name":"wp","href":"https:\/\/api.w.org\/{rel}","templated":true}]}}