{"id":207652,"date":"2021-10-06T17:38:34","date_gmt":"2021-10-06T15:38:34","guid":{"rendered":"https:\/\/zjarr.tv\/?p=207652"},"modified":"2021-10-06T17:38:34","modified_gmt":"2021-10-06T15:38:34","slug":"ky-qen-bir-qeni-pas-shpines-time-qytetari-thirrje-te-forte-perpara-kryeministrise-te-gjithe-burrat-te-vijne-ti-terheqim-zvarre","status":"publish","type":"post","link":"https:\/\/zjarr.tv\/en\/ky-qen-bir-qeni-pas-shpines-time-qytetari-thirrje-te-forte-perpara-kryeministrise-te-gjithe-burrat-te-vijne-ti-terheqim-zvarre\/","title":{"rendered":"\u201cKy qen bir qeni pas shpin\u00ebs time\u2026\u201d Qytetari thirrje t\u00eb fort\u00eb p\u00ebrpara Kryeministris\u00eb: T\u00eb gjith\u00eb burrat t\u00eb vijn\u00eb t\u2019i t\u00ebrheqim zvarr\u00eb"},"content":{"rendered":"<p>Nj\u00eb qytetar ka b\u00ebr\u00eb nj\u00eb thirrje t\u00eb fort\u00eb p\u00ebrpara Kryeministris\u00eb, teksa i k\u00ebrkoi t\u00eb gjith\u00eb burrave t\u00eb ngrihen dhe t\u00eb t\u00ebrheqin zvarr\u00eb p\u00ebrgjegj\u00ebsit p\u00ebr rritjen e \u00e7mimeve n\u00eb Shqip\u00ebri.<\/p>\n<p>Ai m\u00eb tej e ka quajtur \u201cqen bir qeni\u201d kryeministrin Rama, p\u00ebr t\u00eb cilin tha se \u00ebsht\u00eb ai p\u00ebrgjegj\u00ebsi. \u201cKy qen bir qeni pas shpines time e ka fajin\u2026 T\u00eb gjith\u00eb burrat t\u00eb vij\u00ebn t\u2019i rt\u00ebrheqim zvarr\u00eb\u201c, tha qytetari.<\/p>\n<p>Nje proteste po mbahet diten e sotme perpara Kryeministrise kunder rritjes se cmimeve qe kane ndodhur ditet e fundit. Protesta eshte jopolitike por e organizuar nga vete qytetaret.<\/p>","protected":false},"excerpt":{"rendered":"<p>Nj\u00eb qytetar ka b\u00ebr\u00eb nj\u00eb thirrje t\u00eb fort\u00eb p\u00ebrpara Kryeministris\u00eb, teksa i k\u00ebrkoi t\u00eb gjith\u00eb burrave t\u00eb ngrihen dhe t\u00eb t\u00ebrheqin zvarr\u00eb p\u00ebrgjegj\u00ebsit p\u00ebr rritjen e \u00e7mimeve n\u00eb Shqip\u00ebri. Ai m\u00eb tej e ka quajtur \u201cqen bir qeni\u201d kryeministrin Rama, p\u00ebr t\u00eb cilin tha se \u00ebsht\u00eb ai p\u00ebrgjegj\u00ebsi. \u201cKy qen bir qeni pas shpines time [&hellip;]<\/p>\n","protected":false},"author":2031,"featured_media":207653,"comment_status":"closed","ping_status":"closed","sticky":false,"template":"","format":"standard","meta":{"footnotes":""},"categories":[231],"tags":[],"class_list":{"0":"post-207652","1":"post","2":"type-post","3":"status-publish","4":"format-standard","5":"has-post-thumbnail","7":"category-lajme"},"_links":{"self":[{"href":"https:\/\/zjarr.tv\/en\/wp-json\/wp\/v2\/posts\/207652","targetHints":{"allow":["GET"]}}],"collection":[{"href":"https:\/\/zjarr.tv\/en\/wp-json\/wp\/v2\/posts"}],"about":[{"href":"https:\/\/zjarr.tv\/en\/wp-json\/wp\/v2\/types\/post"}],"author":[{"embeddable":true,"href":"https:\/\/zjarr.tv\/en\/wp-json\/wp\/v2\/users\/2031"}],"replies":[{"embeddable":true,"href":"https:\/\/zjarr.tv\/en\/wp-json\/wp\/v2\/comments?post=207652"}],"version-history":[{"count":0,"href":"https:\/\/zjarr.tv\/en\/wp-json\/wp\/v2\/posts\/207652\/revisions"}],"wp:featuredmedia":[{"embeddable":true,"href":"https:\/\/zjarr.tv\/en\/wp-json\/wp\/v2\/media\/207653"}],"wp:attachment":[{"href":"https:\/\/zjarr.tv\/en\/wp-json\/wp\/v2\/media?parent=207652"}],"wp:term":[{"taxonomy":"category","embeddable":true,"href":"https:\/\/zjarr.tv\/en\/wp-json\/wp\/v2\/categories?post=207652"},{"taxonomy":"post_tag","embeddable":true,"href":"https:\/\/zjarr.tv\/en\/wp-json\/wp\/v2\/tags?post=207652"}],"curies":[{"name":"wp","href":"https:\/\/api.w.org\/{rel}","templated":true}]}}