{"id":213950,"date":"2021-10-26T18:04:52","date_gmt":"2021-10-26T16:04:52","guid":{"rendered":"https:\/\/zjarr.tv\/?p=213950"},"modified":"2021-10-26T18:04:52","modified_gmt":"2021-10-26T16:04:52","slug":"shkoi-me-vonese-ne-kavaje-berisha-rama-me-skuthin-e-tij-me-bllokoi-rrugen-i-them-hiq-dore-ose-do-te-ngujohesh-ne-surel","status":"publish","type":"post","link":"https:\/\/zjarr.tv\/en\/shkoi-me-vonese-ne-kavaje-berisha-rama-me-skuthin-e-tij-me-bllokoi-rrugen-i-them-hiq-dore-ose-do-te-ngujohesh-ne-surel\/","title":{"rendered":"Shkoi me vones\u00eb n\u00eb Kavaj\u00eb, Berisha: Rama me skuthin e tij m\u00eb bllokoi rrug\u00ebn, i them hiq dor\u00eb ose do t\u00eb ngujohesh n\u00eb Surel"},"content":{"rendered":"<p>\u201cFoltorja\u201d e Sali Berish\u00ebs dit\u00ebn e sotme n\u00eb Kavaj\u00eb nuk filloi n\u00eb orarin e  paracaktuar m\u00eb her\u00ebt. Ish-kryeministri mb\u00ebrriti n\u00eb Kavaj\u00eb afro 40 minuta me vones\u00eb pasi sipas tij me urdh\u00ebr t\u00eb kryeministrit Rama i kishin bllokuar rrug\u00ebn.<\/p>\n<p>Nga \u201cFoltorja\u201d e Kavaj\u00ebs, Berisha i b\u00ebr thirrje kryeministrit q\u00eb t\u00eb heq\u00eb dor\u00eb nga k\u00ebto akte t\u00eb ulta, ose n\u00eb t\u00eb kund\u00ebrt do t\u00eb detyrohet t\u00eb ngujohet n\u00eb sht\u00ebpin\u00eb e tij n\u00eb Surrel dhe nuk do t\u00eb mundet t\u00eb shkoj\u00eb dot as n\u00eb zyr\u00eb.<\/p>\n<p> \u201c Kam ardhur me vones\u00eb sepse Edi Rama me skuthin e tij t\u00eb familjes zjgodhi t\u00eb m\u00eb bllokoj\u00eb rrug\u00ebn p\u00ebr t\u00eb m\u00eb vonuar. P\u00ebr t\u00eb m\u00eb vonuar ardhjen k\u00ebtu, por un\u00eb nga kjo platofrm\u00eb dhe para jush do ti them hiq dor\u00eb nga k\u00ebto akte t\u00eb ulta se n\u00eb m\u00ebnyr\u00eb apsolute do t\u00eb ngujohesh n\u00eb Surrel dhe nuk do t\u00eb zbres\u00ebsh n\u00eb zyr\u00ebn t\u00ebnde derisa t\u00eb vendosim ne\u201d, tha Berisha.<\/p>","protected":false},"excerpt":{"rendered":"<p>\u201cFoltorja\u201d e Sali Berish\u00ebs dit\u00ebn e sotme n\u00eb Kavaj\u00eb nuk filloi n\u00eb orarin e paracaktuar m\u00eb her\u00ebt. Ish-kryeministri mb\u00ebrriti n\u00eb Kavaj\u00eb afro 40 minuta me vones\u00eb pasi sipas tij me urdh\u00ebr t\u00eb kryeministrit Rama i kishin bllokuar rrug\u00ebn. Nga \u201cFoltorja\u201d e Kavaj\u00ebs, Berisha i b\u00ebr thirrje kryeministrit q\u00eb t\u00eb heq\u00eb dor\u00eb nga k\u00ebto akte t\u00eb [&hellip;]<\/p>\n","protected":false},"author":2031,"featured_media":213951,"comment_status":"closed","ping_status":"closed","sticky":false,"template":"","format":"standard","meta":{"footnotes":""},"categories":[231],"tags":[981,5524,312,302,329],"class_list":{"0":"post-213950","1":"post","2":"type-post","3":"status-publish","4":"format-standard","5":"has-post-thumbnail","7":"category-lajme","8":"tag-berisha","9":"tag-foltorja","10":"tag-lajme","11":"tag-rama","12":"tag-zjarr-tv"},"_links":{"self":[{"href":"https:\/\/zjarr.tv\/en\/wp-json\/wp\/v2\/posts\/213950","targetHints":{"allow":["GET"]}}],"collection":[{"href":"https:\/\/zjarr.tv\/en\/wp-json\/wp\/v2\/posts"}],"about":[{"href":"https:\/\/zjarr.tv\/en\/wp-json\/wp\/v2\/types\/post"}],"author":[{"embeddable":true,"href":"https:\/\/zjarr.tv\/en\/wp-json\/wp\/v2\/users\/2031"}],"replies":[{"embeddable":true,"href":"https:\/\/zjarr.tv\/en\/wp-json\/wp\/v2\/comments?post=213950"}],"version-history":[{"count":0,"href":"https:\/\/zjarr.tv\/en\/wp-json\/wp\/v2\/posts\/213950\/revisions"}],"wp:featuredmedia":[{"embeddable":true,"href":"https:\/\/zjarr.tv\/en\/wp-json\/wp\/v2\/media\/213951"}],"wp:attachment":[{"href":"https:\/\/zjarr.tv\/en\/wp-json\/wp\/v2\/media?parent=213950"}],"wp:term":[{"taxonomy":"category","embeddable":true,"href":"https:\/\/zjarr.tv\/en\/wp-json\/wp\/v2\/categories?post=213950"},{"taxonomy":"post_tag","embeddable":true,"href":"https:\/\/zjarr.tv\/en\/wp-json\/wp\/v2\/tags?post=213950"}],"curies":[{"name":"wp","href":"https:\/\/api.w.org\/{rel}","templated":true}]}}