{"id":213954,"date":"2021-10-26T18:10:48","date_gmt":"2021-10-26T16:10:48","guid":{"rendered":"https:\/\/zjarr.tv\/?p=213954"},"modified":"2021-10-26T18:10:48","modified_gmt":"2021-10-26T16:10:48","slug":"rama-keshilla-studenteve-ne-elbasan-nese-rrini-apo-ikni-e-vendosni-vete-por-nese-guxoni-keni-sukses-kudo","status":"publish","type":"post","link":"https:\/\/zjarr.tv\/en\/rama-keshilla-studenteve-ne-elbasan-nese-rrini-apo-ikni-e-vendosni-vete-por-nese-guxoni-keni-sukses-kudo\/","title":{"rendered":"Rama k\u00ebshilla student\u00ebve n\u00eb Elbasan: N\u00ebse rrini apo ikni, e vendosni vet\u00eb; por n\u00ebse guxoni keni sukses kudo!"},"content":{"rendered":"<p>Kryeministri Edi Rama ka diskutuar sot me nj\u00eb grup gjimnazist\u00ebsh dhe student\u00eb n\u00eb qytetin e Elbasanit. Nd\u00ebr t\u00eb tjera, Rama nuk ka kursyer as k\u00ebshillat p\u00ebr ta, duke treguar edhe histori personale t\u00eb tijat.<\/p>\n<p>Ai tha se \u00e7\u00ebshtja e q\u00ebndrimit apo largimit nga Shqip\u00ebria, \u00ebsht\u00eb nj\u00eb dilem\u00eb e v\u00ebshtir\u00eb q\u00eb ofron liria dhe i takon gjithsecilit t\u00eb vendos\u00eb p\u00ebr veten e tij. Rama u shpreh se disa her\u00eb ka patur mund\u00ebsin\u00eb t\u00eb vizitoj\u00eb disa familje n\u00eb varf\u00ebri ekstreme, dhe aty ka takuar f\u00ebmij\u00eb ekselent\u00eb.<\/p>\n<p><strong>Pjes\u00eb nga fjala e Ram\u00ebs:<\/strong><\/p>\n<p>Pyet 100 vet\u00eb dhe b\u00ebj n\u00eb fund si\u00e7 di vet\u00eb, dy-tre k\u00ebtu k\u00ebrkuan q\u00eb ne t\u2019ju themi q\u00eb cilat jan\u00eb arsyet q\u00eb duhet t\u00eb q\u00ebndrojn\u00eb k\u00ebtu dhe mos t\u00eb ikin. Un\u00eb pavar\u00ebsisht pozicionit nga ku flas sot, dhe nuk e shmang dot, nuk kam ndryshuar mendim dhe nuk ndryshoj me m\u00ebnyr\u00ebn se si e shoh k\u00ebt\u00eb pun\u00eb. \u00c7dokush \u00ebsht\u00eb i lir\u00eb dhe t\u00eb marr\u00eb vendimin p\u00ebr veten e vet\u00eb se \u00e7far\u00eb do t\u00eb b\u00ebj\u00eb. P\u00ebr fat t\u00eb mir\u00eb nuk jetojm\u00eb m\u00eb si para 30 vjet\u00ebsh ku nuk e kishin k\u00ebt\u00eb dilem\u00eb. Nuk mund ta imagjinoje q\u00eb t\u00eb thoje un\u00eb shkoll\u00ebn e lart\u00eb do ta b\u00ebj jasht\u00eb shtetit. Nuk e kemi pasur k\u00ebt\u00eb dilem\u00eb dhe e kishim mendjen e fjetur q\u00eb s\u2019ka. Liria i ka k\u00ebto dilema shum\u00eb m\u00eb t\u00eb m\u00ebdha. Dhe nj\u00eb zgjedhje e lir\u00eb \u00ebsht\u00eb m\u00eb shum\u00eb e v\u00ebshtir\u00eb se nj\u00eb zgjedhje q\u00eb t\u00eb vjen nga lart. Kur njeriu \u00ebsht\u00eb p\u00ebrpara dilemave duhet t\u00eb b\u00ebj\u00eb zgjedhjet e veta. Un\u00eb do ta nisja nga e kund\u00ebrta, nuk do t\u00eb thosha arsyet pse duhet t\u00eb iki, por do ta filloja nga arsyet pse nuk duhet t\u00eb iki. N\u00ebse ato nuk jan\u00eb t\u00eb mjaftueshme do t\u00eb b\u00ebja balanc\u00ebn. Por nj\u00eb gj\u00eb \u00ebsht\u00eb e sigurt\u00eb, n\u00eb Shqip\u00ebri, jasht\u00eb Shqip\u00ebris\u00eb, kjo bot\u00eb \u00ebsht\u00eb e atyre q\u00eb guxojn\u00eb dhe jan\u00eb t\u00eb vendosur. Ata ia dalin kudo q\u00eb t\u00eb jen\u00eb. Pastaj sigurisht q\u00eb b\u00ebn zgjedhjet e veta n\u00eb var\u00ebsi se sa lart do t\u00eb ngjitet.<\/p>\n<p>Kam pasur mund\u00ebsin\u00eb n\u00eb m\u00eb shum\u00eb se nj\u00eb rast t\u00eb vizitoj shum\u00eb familje t\u00eb varf\u00ebra. N\u00eb plot kuptimin e fjal\u00ebs. Aty kam par\u00eb dhe kam takuar f\u00ebmij\u00eb me t\u00eb gjitha 10-a. Nuk e harroj kurr\u00eb nj\u00eb sht\u00ebpi n\u00eb zon\u00ebn rurale t\u00eb Shkodr\u00ebs, ku tre vajza m\u00ebsonin me \u00e7ad\u00ebr se kur binte shi, \u00e7atia pikonte dhe ishin me t\u00eb gjitha 10-a dhe flisnin anglisht. Dhe t\u00eb treja vinin nga nj\u00eb familje q\u00eb jetonte me pun\u00ebn e babait q\u00eb kishte nj\u00eb karroc\u00eb dhe bridhte fshatrat p\u00ebr t\u00eb ndihmuar t\u00eb tjer\u00ebt q\u00eb t\u00eb l\u00ebviznin mallrat.<\/p>","protected":false},"excerpt":{"rendered":"<p>Kryeministri Edi Rama ka diskutuar sot me nj\u00eb grup gjimnazist\u00ebsh dhe student\u00eb n\u00eb qytetin e Elbasanit. Nd\u00ebr t\u00eb tjera, Rama nuk ka kursyer as k\u00ebshillat p\u00ebr ta, duke treguar edhe histori personale t\u00eb tijat. Ai tha se \u00e7\u00ebshtja e q\u00ebndrimit apo largimit nga Shqip\u00ebria, \u00ebsht\u00eb nj\u00eb dilem\u00eb e v\u00ebshtir\u00eb q\u00eb ofron liria dhe i takon [&hellip;]<\/p>\n","protected":false},"author":2030,"featured_media":213955,"comment_status":"closed","ping_status":"closed","sticky":false,"template":"","format":"standard","meta":{"footnotes":""},"categories":[241,1454],"tags":[],"class_list":{"0":"post-213954","1":"post","2":"type-post","3":"status-publish","4":"format-standard","5":"has-post-thumbnail","7":"category-aktualitet","8":"category-politike"},"_links":{"self":[{"href":"https:\/\/zjarr.tv\/en\/wp-json\/wp\/v2\/posts\/213954","targetHints":{"allow":["GET"]}}],"collection":[{"href":"https:\/\/zjarr.tv\/en\/wp-json\/wp\/v2\/posts"}],"about":[{"href":"https:\/\/zjarr.tv\/en\/wp-json\/wp\/v2\/types\/post"}],"author":[{"embeddable":true,"href":"https:\/\/zjarr.tv\/en\/wp-json\/wp\/v2\/users\/2030"}],"replies":[{"embeddable":true,"href":"https:\/\/zjarr.tv\/en\/wp-json\/wp\/v2\/comments?post=213954"}],"version-history":[{"count":0,"href":"https:\/\/zjarr.tv\/en\/wp-json\/wp\/v2\/posts\/213954\/revisions"}],"wp:featuredmedia":[{"embeddable":true,"href":"https:\/\/zjarr.tv\/en\/wp-json\/wp\/v2\/media\/213955"}],"wp:attachment":[{"href":"https:\/\/zjarr.tv\/en\/wp-json\/wp\/v2\/media?parent=213954"}],"wp:term":[{"taxonomy":"category","embeddable":true,"href":"https:\/\/zjarr.tv\/en\/wp-json\/wp\/v2\/categories?post=213954"},{"taxonomy":"post_tag","embeddable":true,"href":"https:\/\/zjarr.tv\/en\/wp-json\/wp\/v2\/tags?post=213954"}],"curies":[{"name":"wp","href":"https:\/\/api.w.org\/{rel}","templated":true}]}}