{"id":214926,"date":"2021-10-31T08:43:56","date_gmt":"2021-10-31T07:43:56","guid":{"rendered":"https:\/\/zjarr.tv\/?p=214926"},"modified":"2021-10-31T08:43:56","modified_gmt":"2021-10-31T07:43:56","slug":"%f0%9d%90%8f%f0%9d%90%9a%f0%9d%90%ac-%f0%9d%90%81%f0%9d%90%9e%f0%9d%90%ab%f0%9d%90%a2%f0%9d%90%ac%f0%9d%90%a1%f0%9d%90%9e%cc%88%f0%9d%90%ac-%f0%9d%90%9e-%f0%9d%90%8a%f0%9d%90%ae%f0%9d%90%a5","status":"publish","type":"post","link":"https:\/\/zjarr.tv\/en\/%f0%9d%90%8f%f0%9d%90%9a%f0%9d%90%ac-%f0%9d%90%81%f0%9d%90%9e%f0%9d%90%ab%f0%9d%90%a2%f0%9d%90%ac%f0%9d%90%a1%f0%9d%90%9e%cc%88%f0%9d%90%ac-%f0%9d%90%9e-%f0%9d%90%8a%f0%9d%90%ae%f0%9d%90%a5\/","title":{"rendered":"\ud835\udc0f\ud835\udc1a\ud835\udc2c \ud835\udc01\ud835\udc1e\ud835\udc2b\ud835\udc22\ud835\udc2c\ud835\udc21\ud835\udc1e\u0308\ud835\udc2c \ud835\udc1e \ud835\udc0a\ud835\udc2e\ud835\udc25\ud835\udc25\ud835\udc2e\ud835\udc2b\ud835\udc22\ud835\udc2d, \ud835\udc0a\ud835\udc1a\ud835\udc1d\ud835\udc22\ud835\udc25\ud835\udc25\ud835\udc22 \ud835\udc2c\ud835\udc21\ud835\udc29\ud835\udc1a\ud835\udc25\ud835\udc25 \ud835\udc24\ud835\udc1a\ud835\udc27\ud835\udc1d\ud835\udc22\ud835\udc1d\ud835\udc1a\ud835\udc2d\ud835\udc2e\ud835\udc2b\ud835\udc1e\u0308\ud835\udc27 \ud835\udc29\ud835\udc1e\u0308\ud835\udc2b \u2018\ud835\udc20\ud835\udc1a\ud835\udc2b\ud835\udc1e\u0308\ud835\udc27 \ud835\udc1e \ud835\udc24\ud835\udc2b\ud835\udc1e\ud835\udc2e\ud835\udc2d \ud835\udc2d\ud835\udc1e\u0308 \ud835\udc0f\ud835\udc03-\ud835\udc2c\ud835\udc1e\u0308\u2019, \ud835\udc22 \ud835\udc1b\ud835\udc1a\ud835\udc2c\ud835\udc21\ud835\udc24\ud835\udc28\ud835\udc21\ud835\udc1e\ud835\udc2d \ud835\udc0a\ud835\udc2e\ud835\udc2f\ud835\udc1e\ud835\udc27\ud835\udc1d\ud835\udc22\ud835\udc2d \ud835\udc0a\ud835\udc28\ud835\udc26\ud835\udc1b\ud835\udc1e\u0308\ud835\udc2d\ud835\udc1a\ud835\udc2b \ud835\udc27\ud835\udc1e\u0308 \ud835\udfcf\ud835\udfcf \ud835\udc1d\ud835\udc21\ud835\udc23\ud835\udc1e\ud835\udc2d\ud835\udc28\ud835\udc2b"},"content":{"rendered":"<p>Fatbardh Kadilli, ish-an\u00ebtari i Kryesis\u00eb ka shpallur sot kandidatur\u00ebn e tij p\u00ebr kryetar t\u00eb Partis\u00eb Demokratike, duke iu bashkuar Kuvendit Komb\u00ebtar t\u00eb thirrur nga ish-kryeministri Sali Berisha n\u00eb 11 dhjetor.<\/p>\n<p>Kadilli \u00ebsht\u00eb shprehur se nuk do karrier\u00eb personale por dO t\u00eb ofroj\u00eb nj\u00eb alternativ\u00eb m\u00eb t\u00eb mir\u00eb p\u00ebr ringritjen e PD.<\/p>\n<p>Kadilli: Un\u00eb jam shpallur q\u00eb do t\u00eb rikandidoj\u00eb n\u00eb gar\u00ebn e par\u00eb q\u00eb do t\u00eb ket\u00eb PD, se kur do jet\u00eb kjo gar\u00eb nuk e di. Nuk dua karrier\u00eb personale, por p\u00ebr t\u00eb ofruar nj\u00eb alternativ\u00eb m\u00eb t\u00eb mir\u00eb p\u00ebr ringritjen e PD.<\/p>\n<p>Basha b\u00ebn gabim kur mendon t\u00eb fshihet pas vul\u00ebs dhe nuk prodhon dot opozit\u00eb. Njer\u00ebzit duan opozit\u00eb, jo thjesht\u00eb nj\u00eb kryetar t\u00eb PD. Berisha e ka monopol k\u00ebt\u00eb parti e ka drejtuar edhe kur nuk ishte kreu i saj. Njeri \u00ebsht\u00eb lider i humbur disa her\u00eb, por nj\u00ebri \u00ebsht\u00eb lider i mundur kur ishte kryeminist\u00ebr, nuk mund t\u00eb kemi m\u00eb drejtues ata.<\/p>\n<p>Nuk e kam mb\u00ebshtetur thirrjen e Kuvendit, pasi nuk \u00ebsht\u00eb aksioni im politik\u00eb, por n\u00ebse mblidhet nuk mund t\u00eb injoroj prezenc\u00ebn e demokrat\u00ebve, ata kan\u00eb nevoj\u00eb t\u00eb d\u00ebgjojn\u00eb m\u00eb shum\u00eb nj\u00ebri-tjetrin, t\u00eb d\u00ebgjojn\u00eb m\u00eb shum\u00eb \u201d<\/p>","protected":false},"excerpt":{"rendered":"<p>Fatbardh Kadilli, ish-an\u00ebtari i Kryesis\u00eb ka shpallur sot kandidatur\u00ebn e tij p\u00ebr kryetar t\u00eb Partis\u00eb Demokratike, duke iu bashkuar Kuvendit Komb\u00ebtar t\u00eb thirrur nga ish-kryeministri Sali Berisha n\u00eb 11 dhjetor. Kadilli \u00ebsht\u00eb shprehur se nuk do karrier\u00eb personale por dO t\u00eb ofroj\u00eb nj\u00eb alternativ\u00eb m\u00eb t\u00eb mir\u00eb p\u00ebr ringritjen e PD. Kadilli: Un\u00eb jam shpallur [&hellip;]<\/p>\n","protected":false},"author":2031,"featured_media":180417,"comment_status":"closed","ping_status":"closed","sticky":false,"template":"","format":"standard","meta":{"footnotes":""},"categories":[231],"tags":[],"class_list":{"0":"post-214926","1":"post","2":"type-post","3":"status-publish","4":"format-standard","5":"has-post-thumbnail","7":"category-lajme"},"_links":{"self":[{"href":"https:\/\/zjarr.tv\/en\/wp-json\/wp\/v2\/posts\/214926","targetHints":{"allow":["GET"]}}],"collection":[{"href":"https:\/\/zjarr.tv\/en\/wp-json\/wp\/v2\/posts"}],"about":[{"href":"https:\/\/zjarr.tv\/en\/wp-json\/wp\/v2\/types\/post"}],"author":[{"embeddable":true,"href":"https:\/\/zjarr.tv\/en\/wp-json\/wp\/v2\/users\/2031"}],"replies":[{"embeddable":true,"href":"https:\/\/zjarr.tv\/en\/wp-json\/wp\/v2\/comments?post=214926"}],"version-history":[{"count":0,"href":"https:\/\/zjarr.tv\/en\/wp-json\/wp\/v2\/posts\/214926\/revisions"}],"wp:featuredmedia":[{"embeddable":true,"href":"https:\/\/zjarr.tv\/en\/wp-json\/wp\/v2\/media\/180417"}],"wp:attachment":[{"href":"https:\/\/zjarr.tv\/en\/wp-json\/wp\/v2\/media?parent=214926"}],"wp:term":[{"taxonomy":"category","embeddable":true,"href":"https:\/\/zjarr.tv\/en\/wp-json\/wp\/v2\/categories?post=214926"},{"taxonomy":"post_tag","embeddable":true,"href":"https:\/\/zjarr.tv\/en\/wp-json\/wp\/v2\/tags?post=214926"}],"curies":[{"name":"wp","href":"https:\/\/api.w.org\/{rel}","templated":true}]}}