{"id":214972,"date":"2021-10-31T12:29:40","date_gmt":"2021-10-31T11:29:40","guid":{"rendered":"https:\/\/zjarr.tv\/?p=214972"},"modified":"2021-10-31T12:31:00","modified_gmt":"2021-10-31T11:31:00","slug":"propaganda-rilindase-nuk-eshte-diplomaci-zonja-kim","status":"publish","type":"post","link":"https:\/\/zjarr.tv\/en\/propaganda-rilindase-nuk-eshte-diplomaci-zonja-kim\/","title":{"rendered":"Propaganda rilindase nuk \u00ebsht\u00eb diplomaci Zonja Kim"},"content":{"rendered":"<p>Teksa u p\u00ebrballa me foton tuaj pran\u00eb nj\u00eb gruaje n\u00eb P\u00ebrmet Yuri Kim, pasi kishit marr\u00eb leksionet e gjeografis\u00eb nga Mirela Kumbaro duke ngr\u00ebn\u00eb vaktin e drek\u00ebs n\u00eb restorant, mendova as m\u00eb pak e as m\u00eb shum\u00eb ve\u00e7se\u00a0 p\u00ebr propagand\u00ebn rilindase, e cila n\u00eb thelb vret dinjitetin e nj\u00eb njeriu n\u00eb em\u00ebr t\u00eb nj\u00eb fotografie.<\/p>\n<p><strong>\u00c7far\u00eb ka b\u00ebr\u00eb kjo grua p\u00ebr t\u00eb merituar t\u00eb till\u00eb tallje?! <\/strong><\/p>\n<p>Jua them un\u00eb se \u00e7far\u00eb ka b\u00ebr\u00eb. \u00cbsht\u00eb ngritur q\u00eb pa gdhir\u00eb n\u00eb m\u00ebngjes si \u00e7do dit\u00eb. Ka paraprir\u00eb m\u00ebngjesin e t\u00eb gjith\u00eb pjes\u00ebtar\u00ebve t\u00eb tjer\u00eb t\u00eb familjes, pasi kur t\u00eb zgjohen t\u00eb gjith\u00eb syt\u00eb do t\u00eb drejtohen tek ajo. &#8221; \u00c7far\u00eb do ha&#8221; Ku e kam xhaket\u00ebn?! A \u00ebsht\u00eb gati buka&#8221; e shum\u00eb pyetje t\u00eb tjera. E pasi i ka p\u00ebrcjell\u00eb t\u00eb gjith\u00eb ka hapur\u00a0 dyqanin ku keni hyr\u00eb ju Yuri Kim. E ka lar\u00eb si \u00e7do dit\u00eb dhe \u00ebsht\u00eb kujdesur q\u00eb gjith\u00e7ka t\u00eb jet\u00eb n\u00eb rregull. Ndon\u00ebse mund t\u00eb ket\u00eb qen\u00eb e lodhur ka veshur buz\u00ebqeshjen mbi fytyr\u00eb p\u00ebr t\u00eb mir\u00ebpritur k\u00ebdo, sikund\u00ebr ju ka mir\u00ebpritur juve Yuri Kim.<\/p>\n<p>Jam e bindur q\u00eb ka qen\u00eb krejt e sjellshme teksa keni hyr\u00eb n\u00eb dyqanin e saj, sikund\u00ebr do t\u00eb jet\u00eb ndier\u00eb tejet e habitur kur i keni k\u00ebrkuar foto. Pse e ka ndier\u00eb k\u00ebt\u00eb habi?! Sepse duhet t\u00eb jet\u00eb p\u00ebrballur me shum\u00eb turist\u00eb n\u00eb dyqan dhe askush nuk i ka k\u00ebrkuar foto. Duke qen\u00eb se e ka fe mir\u00ebsjelljen, nuk ka refuzuar foton me ju.<\/p>\n<p><strong>Tani lindin pyetjet- Kujt i sh\u00ebrben kjo foto?!\u00a0 Cili \u00ebsht\u00eb misioni i k\u00ebsaj fotoje?<\/strong>!<\/p>\n<p>Ju doni t\u00eb na mbushni mendjen se po reklamoni mrekullit\u00eb e P\u00ebrmetit me k\u00ebt\u00eb foto? \u00c7&#8217;ndryshon n\u00eb jet\u00ebn e k\u00ebsaj gruaje pas k\u00ebsaj fotoje?! Asgj\u00eb. Thjesht ju e keni p\u00ebrdorur fytyr\u00ebn e saj n\u00eb funksion t\u00eb propagand\u00ebs rilindase, p\u00ebr sa koh\u00eb kjo foto shfaqet vet\u00ebm n\u00eb profilin e Mirela Kumbaros dhe n\u00eb asnj\u00eb \u00e7ast n\u00eb faqen e ambasad\u00ebs apo n\u00eb profilin tuaj n\u00eb instagram. T\u0113 nj\u00ebjt\u00ebn gj\u00eb keni b\u00ebr\u00eb edhe me burrin q\u00eb shiste misra. Ia keni marr\u00eb fytyr\u00ebn p\u00ebr p\u00ebrdorim t\u00eb brendsh\u00ebm n\u00eb profilin e Kumbaros, pasi burri i misrave nuk shfaqet kund n\u00eb profilin tuaj. Kjo \u00ebsht\u00eb propaganda e f\u00eblliqur rilindase q\u00eb bazohet ve\u00e7se mbi vrasjen e dinjitetit njer\u00ebzor dhe Ylli Manjani ka plot\u00ebsisht t\u00eb drejt\u00eb teksa ju quan &#8221; Ministrja e Propagand\u00ebs&#8221; n\u00eb qeverin\u00eb Rama.<\/p>\n<p><strong>Post Scriptum- Propaganda nuk \u00ebsht\u00eb diplomaci dhe diplomacia nuk \u00ebsht\u00eb propagand\u00eb Yuri Kim.<\/strong><\/p>","protected":false},"excerpt":{"rendered":"<p>Teksa u p\u00ebrballa me foton tuaj pran\u00eb nj\u00eb gruaje n\u00eb P\u00ebrmet Yuri Kim, pasi kishit marr\u00eb leksionet e gjeografis\u00eb nga Mirela Kumbaro duke ngr\u00ebn\u00eb vaktin e drek\u00ebs n\u00eb restorant, mendova as m\u00eb pak e as m\u00eb shum\u00eb ve\u00e7se\u00a0 p\u00ebr propagand\u00ebn rilindase, e cila n\u00eb thelb vret dinjitetin e nj\u00eb njeriu n\u00eb em\u00ebr t\u00eb nj\u00eb fotografie. [&hellip;]<\/p>\n","protected":false},"author":2020,"featured_media":214973,"comment_status":"closed","ping_status":"closed","sticky":false,"template":"","format":"standard","meta":{"footnotes":""},"categories":[5380,231],"tags":[451],"class_list":{"0":"post-214972","1":"post","2":"type-post","3":"status-publish","4":"format-standard","5":"has-post-thumbnail","7":"category-kryesore","8":"category-lajme","9":"tag-lajme-zjarr"},"_links":{"self":[{"href":"https:\/\/zjarr.tv\/en\/wp-json\/wp\/v2\/posts\/214972","targetHints":{"allow":["GET"]}}],"collection":[{"href":"https:\/\/zjarr.tv\/en\/wp-json\/wp\/v2\/posts"}],"about":[{"href":"https:\/\/zjarr.tv\/en\/wp-json\/wp\/v2\/types\/post"}],"author":[{"embeddable":true,"href":"https:\/\/zjarr.tv\/en\/wp-json\/wp\/v2\/users\/2020"}],"replies":[{"embeddable":true,"href":"https:\/\/zjarr.tv\/en\/wp-json\/wp\/v2\/comments?post=214972"}],"version-history":[{"count":0,"href":"https:\/\/zjarr.tv\/en\/wp-json\/wp\/v2\/posts\/214972\/revisions"}],"wp:featuredmedia":[{"embeddable":true,"href":"https:\/\/zjarr.tv\/en\/wp-json\/wp\/v2\/media\/214973"}],"wp:attachment":[{"href":"https:\/\/zjarr.tv\/en\/wp-json\/wp\/v2\/media?parent=214972"}],"wp:term":[{"taxonomy":"category","embeddable":true,"href":"https:\/\/zjarr.tv\/en\/wp-json\/wp\/v2\/categories?post=214972"},{"taxonomy":"post_tag","embeddable":true,"href":"https:\/\/zjarr.tv\/en\/wp-json\/wp\/v2\/tags?post=214972"}],"curies":[{"name":"wp","href":"https:\/\/api.w.org\/{rel}","templated":true}]}}