{"id":214981,"date":"2021-10-31T13:16:06","date_gmt":"2021-10-31T12:16:06","guid":{"rendered":"https:\/\/zjarr.tv\/?p=214981"},"modified":"2021-10-31T13:16:06","modified_gmt":"2021-10-31T12:16:06","slug":"ministrja-e-jashtme-shqiptare-olta-xhacka-pret-homologun-e-saj-kinez-wang-ji","status":"publish","type":"post","link":"https:\/\/zjarr.tv\/en\/ministrja-e-jashtme-shqiptare-olta-xhacka-pret-homologun-e-saj-kinez-wang-ji\/","title":{"rendered":"Ministrja e Jashtme shqiptare Olta Xha\u00e7ka pret homologun e saj kinez Wang Ji"},"content":{"rendered":"<p>Shqip\u00ebria dhe Kina, shpreh\u00ebn vullnetin reciprok p\u00ebr zgjerimin e shk\u00ebmbimeve ekonomike, tregtare, kulturore, por edhe diplomatike e politike.<\/p>\n<p>Kjo u b\u00eb e ditur gjat\u00eb takimit mes Ministres s\u00eb Jashtme shqiptare Olta Xha\u00e7ka dhe homologut t\u00eb saj kinez Wang Ji, i ndodhur n\u00eb Tiran\u00eb n\u00eb kuad\u00ebr t\u00eb nj\u00eb turi rajonal.<\/p>\n<p>N\u00eb fokus, sipas nj\u00eb njoftimi t\u00eb Ministris\u00eb s\u00eb Jashtme shqiptare, ka qen\u00eb bashk\u00ebpunimi ekonomik e kulturor, lufta kund\u00ebr pandemis\u00eb dhe bashk\u00ebpunimi n\u00eb fush\u00ebn e sh\u00ebndet\u00ebsis\u00eb, si dhe bashk\u00ebpunimi n\u00eb kuad\u00ebr t\u00eb nismave rajonale, si Nisma 17 + 1 e Kin\u00ebs, nj\u00eb platform\u00eb q\u00eb synon zgjerimin e bashk\u00ebpunimit t\u00eb saj me vende t\u00eb Europ\u00ebs Lindore dhe Qendrore, por q\u00eb shihet me shqet\u00ebsim nga ekspert\u00ebt p\u00ebr munges\u00ebn e transparenc\u00ebs dhe m\u00ebnyr\u00ebn se si kryhen investimet kineze.<\/p>\n<p>Nj\u00eb vend t\u00eb ve\u00e7ant\u00eb n\u00eb bised\u00eb, sipas njoftimit, ka z\u00ebn\u00eb edhe shk\u00ebmbimi i mendimeve mbi bashk\u00ebpunimin n\u00eb K\u00ebshillin e Sigurimit, ku Shqip\u00ebria do t\u00eb ulet p\u00ebr nj\u00eb mandat dy vje\u00e7ar, duke nisur q\u00eb nga Janari i vitit t\u00eb ardhsh\u00ebm.<\/p>\n<p>T\u00eb dy Ministrat \u2013 n\u00ebnvizon deklarata e pal\u00ebs shqiptare \u2013 konfirmuan vullnetin e dyansh\u00ebm p\u00ebr t\u00eb zhvilluar konsultime e p\u00ebr t\u00eb b\u00ebr\u00eb p\u00ebrpjekje t\u00eb sinqerta, p\u00ebr t\u00eb gjetur hap\u00ebsira bashk\u00ebpunimi e mir\u00ebkuptimi.<\/p>","protected":false},"excerpt":{"rendered":"<p>Shqip\u00ebria dhe Kina, shpreh\u00ebn vullnetin reciprok p\u00ebr zgjerimin e shk\u00ebmbimeve ekonomike, tregtare, kulturore, por edhe diplomatike e politike. Kjo u b\u00eb e ditur gjat\u00eb takimit mes Ministres s\u00eb Jashtme shqiptare Olta Xha\u00e7ka dhe homologut t\u00eb saj kinez Wang Ji, i ndodhur n\u00eb Tiran\u00eb n\u00eb kuad\u00ebr t\u00eb nj\u00eb turi rajonal. N\u00eb fokus, sipas nj\u00eb njoftimi t\u00eb [&hellip;]<\/p>\n","protected":false},"author":2020,"featured_media":214982,"comment_status":"closed","ping_status":"closed","sticky":false,"template":"","format":"standard","meta":{"footnotes":""},"categories":[241,5380,231,235],"tags":[451],"class_list":{"0":"post-214981","1":"post","2":"type-post","3":"status-publish","4":"format-standard","5":"has-post-thumbnail","7":"category-aktualitet","8":"category-kryesore","9":"category-lajme","10":"category-vendi","11":"tag-lajme-zjarr"},"_links":{"self":[{"href":"https:\/\/zjarr.tv\/en\/wp-json\/wp\/v2\/posts\/214981","targetHints":{"allow":["GET"]}}],"collection":[{"href":"https:\/\/zjarr.tv\/en\/wp-json\/wp\/v2\/posts"}],"about":[{"href":"https:\/\/zjarr.tv\/en\/wp-json\/wp\/v2\/types\/post"}],"author":[{"embeddable":true,"href":"https:\/\/zjarr.tv\/en\/wp-json\/wp\/v2\/users\/2020"}],"replies":[{"embeddable":true,"href":"https:\/\/zjarr.tv\/en\/wp-json\/wp\/v2\/comments?post=214981"}],"version-history":[{"count":0,"href":"https:\/\/zjarr.tv\/en\/wp-json\/wp\/v2\/posts\/214981\/revisions"}],"wp:featuredmedia":[{"embeddable":true,"href":"https:\/\/zjarr.tv\/en\/wp-json\/wp\/v2\/media\/214982"}],"wp:attachment":[{"href":"https:\/\/zjarr.tv\/en\/wp-json\/wp\/v2\/media?parent=214981"}],"wp:term":[{"taxonomy":"category","embeddable":true,"href":"https:\/\/zjarr.tv\/en\/wp-json\/wp\/v2\/categories?post=214981"},{"taxonomy":"post_tag","embeddable":true,"href":"https:\/\/zjarr.tv\/en\/wp-json\/wp\/v2\/tags?post=214981"}],"curies":[{"name":"wp","href":"https:\/\/api.w.org\/{rel}","templated":true}]}}