{"id":215611,"date":"2021-11-03T12:15:17","date_gmt":"2021-11-03T11:15:17","guid":{"rendered":"https:\/\/zjarr.tv\/?p=215611"},"modified":"2021-11-03T12:15:17","modified_gmt":"2021-11-03T11:15:17","slug":"i-kishte-dhene-hua-babait-dhe-bashkejetueses-kpk-ndahet-per-vendimin-ndaj-prokurorit-endrit-bimi","status":"publish","type":"post","link":"https:\/\/zjarr.tv\/en\/i-kishte-dhene-hua-babait-dhe-bashkejetueses-kpk-ndahet-per-vendimin-ndaj-prokurorit-endrit-bimi\/","title":{"rendered":"I kishte dh\u00ebn\u00eb hua babait dhe bashk\u00ebjetueses, KPK ndahet p\u00ebr vendimin ndaj prokurorit Endrit Bimi"},"content":{"rendered":"<p>Endrit Bimi, prokurori i Prokuroris\u00eb s\u00eb Tiran\u00ebs u konfirmua n\u00eb detyr\u00eb nga Komisioni i Pavarur i Kualifikimit t\u00eb M\u00ebrkur\u00ebn.<\/p>\n<p>Si\u00e7 del nga vendimi, trupa e kryesuar nga Alma Faskaj, me relatore Genta Tafa Bungon dhe an\u00ebtar Lulzim Hamitajn, \u00ebsht\u00eb ndar\u00eb n\u00eb q\u00ebndrim. Shumica ka vendosur n\u00eb favor t\u00eb Bimit.<\/p>\n<p>Bimit, gjat\u00eb seanc\u00ebs d\u00ebgjimore iu k\u00ebrkuan shpjegime lidhur me huat\u00eb q\u00eb i kishte dh\u00ebn\u00eb babait t\u00eb bashk\u00ebjetueses s\u00eb tij si dhe me burimet financiare p\u00ebr blerjen e nj\u00eb banese.<\/p>\n<p>Gjithashtu, ai qart\u00ebsoi pozicionimin e tij n\u00eb nj\u00eb marr\u00ebdh\u00ebnie financiare t\u00eb babait t\u00eb ndjer\u00eb me nj\u00eb person tjet\u00ebr, p\u00ebr t\u00eb cil\u00ebn i ati \u00ebsht\u00eb p\u00ebrpjekur ta zgjidh\u00eb n\u00ebp\u00ebrmjet nj\u00eb zyre p\u00ebrmbarimi, por q\u00eb \u00e7\u00ebshtja vazhdon t\u00eb mbetet n\u00eb shqyrtim n\u00eb Gjykat\u00ebn e Lart\u00eb. Prokurori Bimi u vler\u00ebsua pozitivisht p\u00ebr past\u00ebrtin\u00eb e figur\u00ebs.<\/p>\n<p>Endrit Bimi e ka filluar karrier\u00ebn si jurist n\u00eb administrat\u00ebn publike dhe organizata jo-fitimprur\u00ebse. Ai ndoqi studimet n\u00eb Shkoll\u00ebn e Magjistratur\u00ebs n\u00eb vitet 2004-2007 dhe u em\u00ebrua m\u00eb pas prokuror n\u00eb Prokurorin\u00eb e Lushnj\u00ebs. Prej vitit 2012, ai e ushtron funksionin n\u00eb Prokurorin\u00eb e Tiran\u00ebs.<\/p>","protected":false},"excerpt":{"rendered":"<p>Endrit Bimi, prokurori i Prokuroris\u00eb s\u00eb Tiran\u00ebs u konfirmua n\u00eb detyr\u00eb nga Komisioni i Pavarur i Kualifikimit t\u00eb M\u00ebrkur\u00ebn. Si\u00e7 del nga vendimi, trupa e kryesuar nga Alma Faskaj, me relatore Genta Tafa Bungon dhe an\u00ebtar Lulzim Hamitajn, \u00ebsht\u00eb ndar\u00eb n\u00eb q\u00ebndrim. Shumica ka vendosur n\u00eb favor t\u00eb Bimit. Bimit, gjat\u00eb seanc\u00ebs d\u00ebgjimore iu k\u00ebrkuan [&hellip;]<\/p>\n","protected":false},"author":2020,"featured_media":215616,"comment_status":"closed","ping_status":"closed","sticky":false,"template":"","format":"standard","meta":{"footnotes":""},"categories":[241,5380,231],"tags":[451],"class_list":{"0":"post-215611","1":"post","2":"type-post","3":"status-publish","4":"format-standard","5":"has-post-thumbnail","7":"category-aktualitet","8":"category-kryesore","9":"category-lajme","10":"tag-lajme-zjarr"},"_links":{"self":[{"href":"https:\/\/zjarr.tv\/en\/wp-json\/wp\/v2\/posts\/215611","targetHints":{"allow":["GET"]}}],"collection":[{"href":"https:\/\/zjarr.tv\/en\/wp-json\/wp\/v2\/posts"}],"about":[{"href":"https:\/\/zjarr.tv\/en\/wp-json\/wp\/v2\/types\/post"}],"author":[{"embeddable":true,"href":"https:\/\/zjarr.tv\/en\/wp-json\/wp\/v2\/users\/2020"}],"replies":[{"embeddable":true,"href":"https:\/\/zjarr.tv\/en\/wp-json\/wp\/v2\/comments?post=215611"}],"version-history":[{"count":0,"href":"https:\/\/zjarr.tv\/en\/wp-json\/wp\/v2\/posts\/215611\/revisions"}],"wp:featuredmedia":[{"embeddable":true,"href":"https:\/\/zjarr.tv\/en\/wp-json\/wp\/v2\/media\/215616"}],"wp:attachment":[{"href":"https:\/\/zjarr.tv\/en\/wp-json\/wp\/v2\/media?parent=215611"}],"wp:term":[{"taxonomy":"category","embeddable":true,"href":"https:\/\/zjarr.tv\/en\/wp-json\/wp\/v2\/categories?post=215611"},{"taxonomy":"post_tag","embeddable":true,"href":"https:\/\/zjarr.tv\/en\/wp-json\/wp\/v2\/tags?post=215611"}],"curies":[{"name":"wp","href":"https:\/\/api.w.org\/{rel}","templated":true}]}}