{"id":215624,"date":"2021-11-03T12:20:56","date_gmt":"2021-11-03T11:20:56","guid":{"rendered":"https:\/\/zjarr.tv\/?p=215624"},"modified":"2021-11-03T12:20:56","modified_gmt":"2021-11-03T11:20:56","slug":"adriatik-lapaj-publikon-foton-dhe-jep-mesazhin-e-rendesishem-kjo-zonje-hyri-me-duar-te-pastra-e-doli-me-duar-po-aq-te-pastra-nga-politika","status":"publish","type":"post","link":"https:\/\/zjarr.tv\/en\/adriatik-lapaj-publikon-foton-dhe-jep-mesazhin-e-rendesishem-kjo-zonje-hyri-me-duar-te-pastra-e-doli-me-duar-po-aq-te-pastra-nga-politika\/","title":{"rendered":"Adriatik Lapaj publikon foton dhe jep mesazhin e r\u00ebnd\u00ebsish\u00ebm: Kjo zonj\u00eb hyri me duar t\u00eb pastra e doli me duar po aq t\u00eb pastra nga politika"},"content":{"rendered":"<p>Avokat Adriatik Lapaj p\u00ebrmes nj\u00eb postimi n\u00eb rrjetet sociale jep nj\u00eb mesazh t\u00eb fuqish\u00ebm. Ai shkruan se politika nuk \u00ebsht\u00eb e keqe, por nj\u00eb mjet i jasht\u00ebzakonsh\u00ebm p\u00ebr begatimin e nj\u00eb kombi n\u00ebse p\u00ebrdoret p\u00ebr at\u00eb q\u00ebllim.<\/p>\n<p>P\u00ebr k\u00ebt\u00eb deklarat\u00eb t\u00eb tij\u00ebn, Lapaj niset nga kancelarja gjermane Angela Merkel, p\u00ebr t\u00eb cil\u00ebn ai shkruan se kjo zonj\u00eb hyri n\u00eb politik\u00eb me duar t\u00eb pastra dhe doli me duar po aq t\u00eb pastra.<\/p>\n<p><strong style=\"font-style: inherit;\">Postimi i Lapaj:<\/strong><\/p>\n<p><em style=\"font-weight: inherit;\">\u201cPolitika nuk \u00ebsht\u00eb e keqe. Politika \u00ebsht\u00eb mjet i jasht\u00ebzakonsh\u00ebm p\u00ebr begatimin e nj\u00eb kombi n\u00ebse p\u00ebrdoret p\u00ebr at\u00eb q\u00ebllim.<\/em><\/p>\n<p><em style=\"font-weight: inherit;\">Angela Merkel \u00ebsht\u00eb sot nj\u00eb model frym\u00ebzues m\u00eb shum\u00eb n\u00eb panteonin e t\u00eb mir\u00ebve n\u00eb historin\u00eb bot\u00ebrore t\u00eb politik\u00ebs.<\/em><\/p>\n<p><em style=\"font-weight: inherit;\">Zonja q\u00eb hyri me duar t\u00eb pastra e doli me duar po aq t\u00eb pastra nga politika\u201d, shkruan Lapaj.<\/em><\/p>\n<p><img loading=\"lazy\" decoding=\"async\" class=\"alignnone size-medium wp-image-215625\" src=\"https:\/\/zjarr.tv\/wp-content\/uploads\/2021\/11\/Untitled-design-2021-11-03T122020.964-300x251.jpg\" alt=\"\" width=\"300\" height=\"251\" srcset=\"https:\/\/zjarr.tv\/wp-content\/uploads\/2021\/11\/Untitled-design-2021-11-03T122020.964-300x251.jpg 300w, https:\/\/zjarr.tv\/wp-content\/uploads\/2021\/11\/Untitled-design-2021-11-03T122020.964-768x644.jpg 768w, https:\/\/zjarr.tv\/wp-content\/uploads\/2021\/11\/Untitled-design-2021-11-03T122020.964-696x583.jpg 696w, https:\/\/zjarr.tv\/wp-content\/uploads\/2021\/11\/Untitled-design-2021-11-03T122020.964-501x420.jpg 501w, https:\/\/zjarr.tv\/wp-content\/uploads\/2021\/11\/Untitled-design-2021-11-03T122020.964.jpg 940w\" sizes=\"auto, (max-width: 300px) 100vw, 300px\" \/><\/p>","protected":false},"excerpt":{"rendered":"<p>Avokat Adriatik Lapaj p\u00ebrmes nj\u00eb postimi n\u00eb rrjetet sociale jep nj\u00eb mesazh t\u00eb fuqish\u00ebm. Ai shkruan se politika nuk \u00ebsht\u00eb e keqe, por nj\u00eb mjet i jasht\u00ebzakonsh\u00ebm p\u00ebr begatimin e nj\u00eb kombi n\u00ebse p\u00ebrdoret p\u00ebr at\u00eb q\u00ebllim. P\u00ebr k\u00ebt\u00eb deklarat\u00eb t\u00eb tij\u00ebn, Lapaj niset nga kancelarja gjermane Angela Merkel, p\u00ebr t\u00eb cil\u00ebn ai shkruan se [&hellip;]<\/p>\n","protected":false},"author":2030,"featured_media":215626,"comment_status":"closed","ping_status":"closed","sticky":false,"template":"","format":"standard","meta":{"footnotes":""},"categories":[241,3366,5380],"tags":[],"class_list":{"0":"post-215624","1":"post","2":"type-post","3":"status-publish","4":"format-standard","5":"has-post-thumbnail","7":"category-aktualitet","8":"category-koment","9":"category-kryesore"},"_links":{"self":[{"href":"https:\/\/zjarr.tv\/en\/wp-json\/wp\/v2\/posts\/215624","targetHints":{"allow":["GET"]}}],"collection":[{"href":"https:\/\/zjarr.tv\/en\/wp-json\/wp\/v2\/posts"}],"about":[{"href":"https:\/\/zjarr.tv\/en\/wp-json\/wp\/v2\/types\/post"}],"author":[{"embeddable":true,"href":"https:\/\/zjarr.tv\/en\/wp-json\/wp\/v2\/users\/2030"}],"replies":[{"embeddable":true,"href":"https:\/\/zjarr.tv\/en\/wp-json\/wp\/v2\/comments?post=215624"}],"version-history":[{"count":0,"href":"https:\/\/zjarr.tv\/en\/wp-json\/wp\/v2\/posts\/215624\/revisions"}],"wp:featuredmedia":[{"embeddable":true,"href":"https:\/\/zjarr.tv\/en\/wp-json\/wp\/v2\/media\/215626"}],"wp:attachment":[{"href":"https:\/\/zjarr.tv\/en\/wp-json\/wp\/v2\/media?parent=215624"}],"wp:term":[{"taxonomy":"category","embeddable":true,"href":"https:\/\/zjarr.tv\/en\/wp-json\/wp\/v2\/categories?post=215624"},{"taxonomy":"post_tag","embeddable":true,"href":"https:\/\/zjarr.tv\/en\/wp-json\/wp\/v2\/tags?post=215624"}],"curies":[{"name":"wp","href":"https:\/\/api.w.org\/{rel}","templated":true}]}}