{"id":215628,"date":"2021-11-03T12:29:03","date_gmt":"2021-11-03T11:29:03","guid":{"rendered":"https:\/\/zjarr.tv\/?p=215628"},"modified":"2021-11-03T12:29:03","modified_gmt":"2021-11-03T11:29:03","slug":"ambasadori-qe-perfaqeson-evropen-por-nuk-sillet-ne-asnje-cast-si-evropian","status":"publish","type":"post","link":"https:\/\/zjarr.tv\/en\/ambasadori-qe-perfaqeson-evropen-por-nuk-sillet-ne-asnje-cast-si-evropian\/","title":{"rendered":"Ambasadori q\u00eb p\u00ebrfaq\u00ebson Evrop\u00ebn, por nuk sillet n\u00eb asnj\u00eb \u00e7ast si evropian"},"content":{"rendered":"<p>Teksa u p\u00ebrballa me foton tuaj n\u00eb rrjet zoti Soreka, nd\u00ebrmend m\u00eb erdhi ve\u00e7 nj\u00eb pyetje- \u00c7far\u00eb mund t&#8217;i ken\u00eb b\u00ebr\u00eb shqiptar\u00ebt Ambasadorit t\u00eb Delegacionit Evropian p\u00ebr t&#8217;i posht\u00ebruar kaq keq?! N\u00eb t\u00eb v\u00ebrtet\u00eb, \u00e7far\u00eb ju kan\u00eb b\u00ebr\u00eb shqiptar\u00ebt zot\u00ebri?! Asgj\u00eb nuk ju kan\u00eb b\u00ebr\u00eb, p\u00ebrve\u00e7se kan\u00eb g\u00eblltitur sistematikisht q\u00ebndrimet tuaja leht\u00ebsisht t\u00eb ngat\u00ebrrueshme me q\u00ebndrimet e nj\u00eb ministri t\u00eb kabinetit qeveritar rilindas. Shqiptar\u00ebt shohin hallet e tyre zot\u00ebri.<\/p>\n<p>Jam krejt e bindur se n\u00eb k\u00ebt\u00eb vend nuk jeni ndier\u00eb kurr\u00eb i k\u00ebrc\u00ebnuar dhe i parespektuar, sikund\u00ebr jam e bindur se edhe po t\u00eb ecni krejt i vet\u00ebm n\u00eb rrug\u00eb do t\u00eb ishit krejt i qet\u00eb, pasi ndon\u00ebse nuk silleni si evropian i mir\u00ebfillt\u00eb, Evropa p\u00ebr shqiptar\u00ebt \u00ebsht\u00eb dhe mbetet nj\u00eb streh\u00eb e mir\u00ebfillt\u00eb shpirt\u00ebrore. Duam let\u00ebrsin\u00eb, muzik\u00ebn, piktur\u00ebn dhe jet\u00ebn evropiane. \u00c7&#8217;kuptim ka kjo foto zoti Soreka?! \u00c7&#8217;mesazh doni t\u00eb p\u00ebrcillni dhe mbi t\u00eb gjitha kujt doni t&#8217;ia p\u00ebrcillni?!<\/p>\n<p>Shqiptar\u00ebt nuk meritojn\u00eb t\u00eb trajtohen si dordolec\u00eb fotografish zot\u00ebri dhe jo vet\u00ebm shqiptar\u00ebt, por asnjeri nuk e meriton k\u00ebt\u00eb. \u00c7do qenie njer\u00ebzore ka dinjitet dhe sipas vlerave evropiane t\u00eb cilat ju i p\u00ebrfaq\u00ebsoni keq, dinjiteti njeriut \u00ebsht\u00eb i papreksh\u00ebm. Zoti Soreca gabimi juaj themelor n\u00eb qasjen dhe sjelljen tuaj &#8216;&#8221;&#8221;diplomatike&#8221;&#8221; \u00ebsht\u00eb se ju harroni faktin se jeni i krahasuesh\u00ebm.<\/p>\n<p><strong>\u00c7far\u00eb do t\u00eb thot\u00eb t\u00eb jesh i &#8220;krahasuesh\u00ebm&#8221;?!<\/strong><\/p>\n<p>Vite m\u00eb par\u00eb kam shoq\u00ebruar nj\u00eb grup t\u00eb huajsh. Vinin nga vende t\u00eb ndryshme evropiane. Mes tyre ishte edhe nj\u00eb ish ambasador. Donte t\u00eb vizitonte nj\u00eb stacion treni dhe k\u00ebmb\u00ebngulte shum\u00eb p\u00ebr k\u00ebt\u00eb t\u00eb fundit. Nuk arrija ta kuptoja k\u00ebmb\u00ebnguljen e tij t\u00eb p\u00ebrve\u00e7me, megjithat\u00eb shkuam atje bashk\u00eb me grupin. N\u00eb \u00e7astin q\u00eb u gjet\u00ebm tek stacioni i trenit, takuam ata pak njer\u00ebz q\u00eb punonin atje. Ish ambasadori kishte me vete aparatin fotografik. Pasi b\u00ebri disa foto rreth e rrotull m\u00eb k\u00ebrkoi t&#8217;i p\u00ebrktheja personelit rr\u00ebfimin e m\u00ebposht\u00ebm;<\/p>\n<p>&#8211; Babai im ka qen\u00eb faturino n\u00eb tren. Un\u00eb n\u00eb \u00e7do qytet q\u00eb shkoj vizitoj stacionin e trenit. B\u00ebj nj\u00eb foto me njer\u00ebzit q\u00eb punojn\u00eb atje. E stampoj n\u00eb studion time modeste q\u00eb kam n\u00eb sht\u00ebpin\u00eb time dhe pastaj me post\u00eb u nis fotot bashk\u00eb me nj\u00eb dhurat\u00eb modeste. \u00cbsht\u00eb nj\u00eb form\u00eb takimi me tim at\u00eb. A mund t\u00eb b\u00ebni nj\u00eb foto me mua?! Dhe ashtu ndodhi zoti Soreka. Ish ambasadori b\u00ebri nj\u00eb foto q\u0113 nuk u shfaq askund, ve\u00e7se udh\u00ebtoi nj\u00eb dit\u00eb vjeshte nga nj\u00eb vend evropian p\u00ebr tek nj\u00eb stacion treni n\u00eb Shqip\u00ebri me dhuratat p\u00ebrkat\u00ebse p\u00ebr stafin.<\/p>\n<p>Me k\u00ebt\u00eb rr\u00ebfim doja t&#8217;ju thoja zoti Soreka se shqiptar\u00ebt e b\u00ebjn\u00eb mir\u00eb dallimin mes individit q\u00eb i p\u00ebrfaq\u00ebson si\u00e7 duhet vlerat evropiane dhe mes atij q\u00eb abuzon keqazi me k\u00ebto vlera, ose m\u00eb sakt\u00eb q\u00eb i sajon k\u00ebto vlera posa\u00e7\u00ebrisht p\u00ebr shqiptar\u00ebt. N\u00eb \u00e7&#8217;vend t\u00eb Evrop\u00ebs do ta b\u00ebnit k\u00ebt\u00eb sjellje zoti Soreka?! N\u00eb asnj\u00eb vend.Pse e b\u00ebni n\u00eb Shqip\u00ebri at\u00ebher\u00eb?!<\/p>\n<p><strong>Post Scriptum- Shqiptar\u00ebt nuk jan\u00eb dordolec\u00ebt tuaj zoti Soreka.<\/strong><\/p>","protected":false},"excerpt":{"rendered":"<p>Teksa u p\u00ebrballa me foton tuaj n\u00eb rrjet zoti Soreka, nd\u00ebrmend m\u00eb erdhi ve\u00e7 nj\u00eb pyetje- \u00c7far\u00eb mund t&#8217;i ken\u00eb b\u00ebr\u00eb shqiptar\u00ebt Ambasadorit t\u00eb Delegacionit Evropian p\u00ebr t&#8217;i posht\u00ebruar kaq keq?! N\u00eb t\u00eb v\u00ebrtet\u00eb, \u00e7far\u00eb ju kan\u00eb b\u00ebr\u00eb shqiptar\u00ebt zot\u00ebri?! Asgj\u00eb nuk ju kan\u00eb b\u00ebr\u00eb, p\u00ebrve\u00e7se kan\u00eb g\u00eblltitur sistematikisht q\u00ebndrimet tuaja leht\u00ebsisht t\u00eb ngat\u00ebrrueshme me [&hellip;]<\/p>\n","protected":false},"author":2020,"featured_media":215634,"comment_status":"closed","ping_status":"closed","sticky":false,"template":"","format":"standard","meta":{"footnotes":""},"categories":[241,5380,231],"tags":[451],"class_list":{"0":"post-215628","1":"post","2":"type-post","3":"status-publish","4":"format-standard","5":"has-post-thumbnail","7":"category-aktualitet","8":"category-kryesore","9":"category-lajme","10":"tag-lajme-zjarr"},"_links":{"self":[{"href":"https:\/\/zjarr.tv\/en\/wp-json\/wp\/v2\/posts\/215628","targetHints":{"allow":["GET"]}}],"collection":[{"href":"https:\/\/zjarr.tv\/en\/wp-json\/wp\/v2\/posts"}],"about":[{"href":"https:\/\/zjarr.tv\/en\/wp-json\/wp\/v2\/types\/post"}],"author":[{"embeddable":true,"href":"https:\/\/zjarr.tv\/en\/wp-json\/wp\/v2\/users\/2020"}],"replies":[{"embeddable":true,"href":"https:\/\/zjarr.tv\/en\/wp-json\/wp\/v2\/comments?post=215628"}],"version-history":[{"count":0,"href":"https:\/\/zjarr.tv\/en\/wp-json\/wp\/v2\/posts\/215628\/revisions"}],"wp:featuredmedia":[{"embeddable":true,"href":"https:\/\/zjarr.tv\/en\/wp-json\/wp\/v2\/media\/215634"}],"wp:attachment":[{"href":"https:\/\/zjarr.tv\/en\/wp-json\/wp\/v2\/media?parent=215628"}],"wp:term":[{"taxonomy":"category","embeddable":true,"href":"https:\/\/zjarr.tv\/en\/wp-json\/wp\/v2\/categories?post=215628"},{"taxonomy":"post_tag","embeddable":true,"href":"https:\/\/zjarr.tv\/en\/wp-json\/wp\/v2\/tags?post=215628"}],"curies":[{"name":"wp","href":"https:\/\/api.w.org\/{rel}","templated":true}]}}