{"id":215645,"date":"2021-11-03T13:15:42","date_gmt":"2021-11-03T12:15:42","guid":{"rendered":"https:\/\/zjarr.tv\/?p=215645"},"modified":"2021-11-03T13:23:55","modified_gmt":"2021-11-03T12:23:55","slug":"pas-foltores-flet-demokrati-i-kamzes-ju-tregoj-pse-mziu-nuk-ishte-me-shumicen","status":"publish","type":"post","link":"https:\/\/zjarr.tv\/en\/pas-foltores-flet-demokrati-i-kamzes-ju-tregoj-pse-mziu-nuk-ishte-me-shumicen\/","title":{"rendered":"Pas \u2018Foltores\u2019, flet demokrati i Kamz\u00ebs: Ju tregoj pse Mziu nuk ishte me shumic\u00ebn"},"content":{"rendered":"<p><strong>Arben Muja \u00ebsht\u00eb an\u00ebtar i kryesis\u00eb s\u00eb PD t\u00eb deg\u00ebs s\u00eb Kamz\u00ebs, delegat i Kuvendit dhe ish-n\u00ebnkryetar i Bashkis\u00eb gjat\u00eb koh\u00ebs q\u00eb kryetar ishte Xhelal Mziu n\u00eb vitet 2007-2011. <\/strong><strong>Muja ishte jo vet\u00ebm pjes\u00ebmarr\u00ebs, por edhe fol\u00ebs n\u00eb \u2018Foltore\u2019, duke i th\u00ebn\u00eb Berish\u00ebs se ishte i vonuar, por m\u00eb mir\u00eb von\u00eb se kurr\u00eb\u2019. <\/strong><strong>\u00a0\u2018Duhet t\u00eb kishe ardhur n\u00eb 2017. Ne ishim n\u00eb \u00e7ad\u00ebr p\u00ebr 3 muaj dhe n\u00eb fund sikur nuk kishte ndodhur asgj\u00eb. Ne nuk jemi llumi por jemi njer\u00ebzit m\u00eb t\u00eb ndersh\u00ebm\u2019 i tha Muja Berish\u00ebs i cili m\u00eb pas, s\u00ebrish k\u00ebrkoi ndjes\u00eb p\u00ebr k\u00ebt\u00eb \u2018vones\u00eb\u2019.<\/strong><\/p>\n<p><strong>Menj\u00ebher\u00eb pas \u2018Foltores\u2019, Muja ishte i ftuar n\u00eb emisionin \u2018DEKALOG\u2019 t\u00eb gazetarit Roland Qafoku n\u00eb RTSH 24. Ai tha aty se nga 145 delegat\u00eb t\u00eb deg\u00ebs s\u00eb Kamz\u00ebs, mbi 100 kishin firmosur formularin p\u00ebr mbledhjen e Kuvendit, por shpjegoi edhe arsyet se p\u00ebrse Xhelal Mziu nuk ishte pjes\u00ebmarr\u00ebs n\u00eb \u2018Foltoren\u2019 e Kamz\u00ebs. <\/strong><strong>Muja e lidh k\u00ebt\u00eb me faktin se an\u00ebtar\u00ebsia e Kamz\u00ebs nuk e mb\u00ebshteti Mziun p\u00ebr t\u00eb qen\u00eb deputet duke votuar kund\u00ebr tij, nd\u00ebrkoh\u00eb q\u00eb Basha e vendosi kandidat n\u00eb Dib\u00ebr. <\/strong><strong>M\u00eb posht\u00eb nj\u00eb pjes\u00eb e deklaratave t\u00eb Arben Muj\u00ebs, ish-n\u00ebnkryetarit t\u00eb Bashkis\u00eb s\u00eb Kamz\u00ebs. <\/strong><strong>Zoti Muaj ju ishit ai q\u00eb i that\u00eb live zoti Berisha se ishte i vonuar. Pse?<\/strong><\/p>\n<p><strong>E them prap\u00eb. Sepse un\u00eb e thash\u00eb edhe n\u00eb takimin e \u2018Foltores\u2019 sepse di\u00e7ka q\u00eb mua m\u00eb bren edhe sot e k\u00ebsaj dite. Kjo \u00ebsht\u00eb se kur deputet\u00ebt e propozuar nga PD n\u00eb 2017 do thoshin jam deputet i list\u00ebs \u2018Basha\u2019 kjo ishte di\u00e7ka vrastare p\u00ebr mua pasi deputet\u00ebt jan\u00eb t\u00eb PD dhe partia \u00ebsht\u00eb e t\u00eb gjith\u00ebve nuk \u00ebsht\u00eb e Lulzim Bash\u00ebs q\u00eb t\u00eb thuhet q\u00eb un\u00eb jam deputet i list\u00ebs \u2018Basha\u2019.<\/strong><\/p>\n<p><strong>Sa vjet \u00ebsht\u00eb vonuar Berisha? <\/strong><strong>Q\u00eb nga 2017. Kat\u00ebr vjet. <\/strong><strong>Sa delegat\u00eb t\u00eb Kamz\u00ebs e kan\u00eb firmosur formularin? <\/strong><strong>Nga 145 delegat\u00eb q\u00eb jemi jan\u00eb mbi 100 q\u00eb e kan\u00eb firmosur. <\/strong><strong>Si mund t\u00eb pranoni q\u00eb n\u00ebse Berisha zgjidhet kryetar, t\u00eb kesh nj\u00eb kryetar q\u00eb SHBA e ka shpallur non grata? <\/strong><strong>Un\u00eb futem te ata q\u00eb doktor Berisha m\u00eb ka b\u00ebr\u00eb q\u00eb ta dua Amerik\u00ebn. <\/strong><strong>Pse Berisha t\u00eb ka b\u00ebr\u00eb ty t\u00eb duash Amerik\u00ebn? <\/strong><strong>P\u00ebr k\u00eb keni votuar n\u00eb zgjedhjet e qershorit p\u00ebr kryetar? <\/strong><strong>Zotin Shehaj sepse ishte m\u00eb i riu. <\/strong><strong>A ishte kryetari i PD t\u00eb Kamz\u00ebs?<\/strong><\/p>\n<p><strong>Po ishte n\u00eb pritjen jasht\u00eb godin\u00ebs, por n\u00eb takim brenda nuk ishte. Kishte n\u00ebnkryetar\u00eb t\u00eb partis\u00eb brenda. <\/strong><strong>P\u00ebrse Xhelal Mziu nuk ishte n\u00eb \u2018Foltoren\u2019 e Berish\u00ebs n\u00eb Kam\u00ebz? Emri i zon\u00ebs suaj lidhej pazgjishm\u00ebrisht me Xhelal Mziun. P\u00ebrse me Mziun ka ndodhur kjo ndarje e tij me Berish\u00ebn? Ai ka qen\u00eb ithtar i tij. \u00c7far\u00eb ndodhi? Se Mziu ka b\u00ebr\u00eb ndryshime n\u00eb Kam\u00ebz. <\/strong><strong>\u00a0Duhet t\u00eb kuptoni di\u00e7ka. Investimet madhore n\u00eb Bashkin\u00eb e Kamz\u00ebs, i ka dh\u00ebn\u00eb qeveria shqiptare nga 2005 deri n\u00eb 2013. Dhe kjo, nuk \u00ebsht\u00eb thjesht merit\u00eb e zotit Mziu. Gjat\u00eb qeverisjes s\u00eb Berish\u00ebs, Kamza mori form\u00ebn e nj\u00eb qyteti. <\/strong><strong>A ka qen\u00eb Mziu administrator i zoti? <\/strong><strong>Ju k\u00ebmb\u00ebngulni, q\u00eb k\u00ebto merita ti shkojn\u00eb nj\u00eb personi. Xhelal Mziu ka qen\u00eb kryetar i bashkis\u00eb dhe ka patur, nj\u00eb staf t\u00eb mrekulluesh\u00ebm. Un\u00eb kam qen\u00eb z\u00ebvend\u00ebskryetar i Bashkis\u00eb s\u00eb Kamz\u00ebs kat\u00ebr vitet e para 2007-2011, gjat\u00eb koh\u00ebs q\u00eb Mziu ishte kryetar. <\/strong><strong>A ka merit\u00eb Mziu q\u00eb i ka marr\u00eb fondet?<\/strong><\/p>\n<p><strong>Jo. Qeveri Berisha e ndihmoi n\u00eb maksimum bashkin\u00eb e Kamz\u00ebs me fonde, p\u00ebrsa i p\u00ebrket zhvillimit t\u00eb saj. Dhe si administrator Mziu ka patur merit\u00eb, por merita m\u00eb e madhe i shkon stafit t\u00eb tij q\u00eb e ka patur t\u00eb mrekulluesh\u00ebm. Nj\u00eb staf specialist\u00ebsh. <\/strong><strong>P\u00ebrse Mziu \u00ebsht\u00eb ndar\u00eb nga Berisha?<\/strong><\/p>\n<p><strong>P\u00ebr zgjedhjet e 25 prillit u propozuan emrat p\u00ebr kandidate, p\u00ebr deputet\u00eb n\u00eb baz\u00eb. Q\u00eb ta kuptoni simpatin\u00eb p\u00ebr Xhelal Mziun n\u00eb Kam\u00ebz, nga 670 vet\u00eb q\u00eb votuan nj\u00eb an\u00ebtar nj\u00eb vot\u00eb, nga an\u00ebtar\u00ebsia e Kamz\u00ebs, 276 vota ishin kund\u00ebr Xhelal Mziut. Duke llogaritur pjes\u00ebmarrjen \u00ebsht\u00eb mbi 40 p\u00ebr qind t\u00eb an\u00ebtar\u00ebsis\u00eb s\u00eb PD, q\u00eb nuk e donin Mziun deputet. Pastaj ndodhi mrekullia, q\u00eb e Basha e d\u00ebrgoi n\u00eb Dib\u00ebr. Dhe kjo \u00ebsht\u00eb ndarja. <\/strong><strong>Si i keni marr\u00ebdh\u00ebniet me zotin Mziu? <\/strong><strong>Un\u00eb i kam institucionale.n <\/strong><strong>Po ne kur jan\u00eb k\u00ebshtu i themi q\u00eb jan\u00eb m\u00eb keq, sa nuk b\u00ebhet!<\/strong><\/p>","protected":false},"excerpt":{"rendered":"<p>Arben Muja \u00ebsht\u00eb an\u00ebtar i kryesis\u00eb s\u00eb PD t\u00eb deg\u00ebs s\u00eb Kamz\u00ebs, delegat i Kuvendit dhe ish-n\u00ebnkryetar i Bashkis\u00eb gjat\u00eb koh\u00ebs q\u00eb kryetar ishte Xhelal Mziu n\u00eb vitet 2007-2011. Muja ishte jo vet\u00ebm pjes\u00ebmarr\u00ebs, por edhe fol\u00ebs n\u00eb \u2018Foltore\u2019, duke i th\u00ebn\u00eb Berish\u00ebs se ishte i vonuar, por m\u00eb mir\u00eb von\u00eb se kurr\u00eb\u2019. \u00a0\u2018Duhet t\u00eb [&hellip;]<\/p>\n","protected":false},"author":2020,"featured_media":215651,"comment_status":"closed","ping_status":"closed","sticky":false,"template":"","format":"standard","meta":{"footnotes":""},"categories":[241,5380,231],"tags":[451],"class_list":{"0":"post-215645","1":"post","2":"type-post","3":"status-publish","4":"format-standard","5":"has-post-thumbnail","7":"category-aktualitet","8":"category-kryesore","9":"category-lajme","10":"tag-lajme-zjarr"},"_links":{"self":[{"href":"https:\/\/zjarr.tv\/en\/wp-json\/wp\/v2\/posts\/215645","targetHints":{"allow":["GET"]}}],"collection":[{"href":"https:\/\/zjarr.tv\/en\/wp-json\/wp\/v2\/posts"}],"about":[{"href":"https:\/\/zjarr.tv\/en\/wp-json\/wp\/v2\/types\/post"}],"author":[{"embeddable":true,"href":"https:\/\/zjarr.tv\/en\/wp-json\/wp\/v2\/users\/2020"}],"replies":[{"embeddable":true,"href":"https:\/\/zjarr.tv\/en\/wp-json\/wp\/v2\/comments?post=215645"}],"version-history":[{"count":0,"href":"https:\/\/zjarr.tv\/en\/wp-json\/wp\/v2\/posts\/215645\/revisions"}],"wp:featuredmedia":[{"embeddable":true,"href":"https:\/\/zjarr.tv\/en\/wp-json\/wp\/v2\/media\/215651"}],"wp:attachment":[{"href":"https:\/\/zjarr.tv\/en\/wp-json\/wp\/v2\/media?parent=215645"}],"wp:term":[{"taxonomy":"category","embeddable":true,"href":"https:\/\/zjarr.tv\/en\/wp-json\/wp\/v2\/categories?post=215645"},{"taxonomy":"post_tag","embeddable":true,"href":"https:\/\/zjarr.tv\/en\/wp-json\/wp\/v2\/tags?post=215645"}],"curies":[{"name":"wp","href":"https:\/\/api.w.org\/{rel}","templated":true}]}}