{"id":215859,"date":"2021-11-04T12:46:43","date_gmt":"2021-11-04T11:46:43","guid":{"rendered":"https:\/\/zjarr.tv\/?p=215859"},"modified":"2021-11-04T12:46:43","modified_gmt":"2021-11-04T11:46:43","slug":"vizita-ne-itali-meta-zbardh-takimin-me-presidentin-e-rajonit-te-sicilise","status":"publish","type":"post","link":"https:\/\/zjarr.tv\/en\/vizita-ne-itali-meta-zbardh-takimin-me-presidentin-e-rajonit-te-sicilise\/","title":{"rendered":"Vizita n\u00eb Itali, Meta zbardh takimin me presidentin e Rajonit t\u00eb Si\u00e7ilis\u00eb"},"content":{"rendered":"<p><strong>Presidenti i Republik\u00ebs, Ilir Meta u prit sot me ceremoni zyrtare, n\u00eb Pallatin Qeveritar, nga Presidenti i Rajonit t\u00eb Si\u00e7ilis\u00eb, Nello Musumeci.<\/strong><\/p>\n<p><strong>Gjat\u00eb takimit, Kreu i Shtetit vler\u00ebsoi marr\u00ebdh\u00ebniet tradicionalisht t\u00eb shk\u00eblqyera dhe strategjike mes Shqip\u00ebris\u00eb dhe Italis\u00eb, duke v\u00ebn\u00eb theksin n\u00eb domosdoshm\u00ebrin\u00eb e vendosjes s\u00eb nj\u00eb bashk\u00ebpunimi t\u00eb ve\u00e7ant\u00eb me Rajonin e Si\u00e7ilis\u00eb, sipas modelit t\u00eb ndjekur me Rajonin e Puljas.<\/strong><\/p>\n<p><strong>\u00a0<\/strong><strong>Postimi i Metes<\/strong><\/p>\n<p><strong><em>Nj\u00eb takim i frytsh\u00ebm me Presidentin e Rajonit t\u00eb Si\u00e7ilis\u00eb, z.Nello Musumeci, n\u00eb Pallatin Qeveritar.<\/em><\/strong><\/p>\n<p><strong><em>Gjet\u00ebm mir\u00ebkuptimin e plot\u00eb p\u00ebr vendosjen sa m\u00eb par\u00eb t\u00eb nj\u00eb bashk\u00ebpunimi t\u00eb ve\u00e7ant\u00eb mes Shqip\u00ebris\u00eb dhe Si\u00e7ilis\u00eb, sipas modelit t\u00eb ndjekur me Rajonin e Puljas, si dhe p\u00ebr miratimin e nj\u00eb ligji t\u00eb posa\u00e7\u00ebm p\u00ebr mbrojtjen e pakicave linguistike krahinore, me q\u00ebllim rujtjen e gjuh\u00ebs s\u00eb mrekullueshme arb\u00ebreshe. <\/em><\/strong><strong><em>K\u00ebnaq\u00ebsi t\u00eb d\u00ebgjoja prej tij vler\u00ebsimet m\u00eb t\u00eb larta p\u00ebr bashk\u00ebjetes\u00ebn shekullore me Komunitetin ton\u00eb t\u00eb dashur Arb\u00ebresh, pjes\u00eb edhe e identitetit historik e kulturor t\u00eb Si\u00e7ilis\u00eb.<\/em><\/strong><\/p>\n<p><strong><em>I lumtur, q\u00eb edhe komuniteti i ri i shqiptar\u00ebve n\u00eb k\u00ebt\u00eb Rajon \u00ebsht\u00eb integruar m\u00eb s\u00eb miri, dhe q\u00eb bashku me arb\u00ebresh\u00ebt p\u00ebrb\u00ebjn\u00eb nj\u00eb ur\u00eb t\u00eb r\u00ebnd\u00ebsishme p\u00ebr forcimin e m\u00ebtejsh\u00ebm t\u00eb marr\u00ebdh\u00ebnieve tradicionale e t\u00eb shk\u00eblqyera mes dy vendeve dhe popujve tan\u00eb.<\/em><\/strong><\/p>","protected":false},"excerpt":{"rendered":"<p>Presidenti i Republik\u00ebs, Ilir Meta u prit sot me ceremoni zyrtare, n\u00eb Pallatin Qeveritar, nga Presidenti i Rajonit t\u00eb Si\u00e7ilis\u00eb, Nello Musumeci. Gjat\u00eb takimit, Kreu i Shtetit vler\u00ebsoi marr\u00ebdh\u00ebniet tradicionalisht t\u00eb shk\u00eblqyera dhe strategjike mes Shqip\u00ebris\u00eb dhe Italis\u00eb, duke v\u00ebn\u00eb theksin n\u00eb domosdoshm\u00ebrin\u00eb e vendosjes s\u00eb nj\u00eb bashk\u00ebpunimi t\u00eb ve\u00e7ant\u00eb me Rajonin e Si\u00e7ilis\u00eb, sipas [&hellip;]<\/p>\n","protected":false},"author":2020,"featured_media":215863,"comment_status":"closed","ping_status":"closed","sticky":false,"template":"","format":"standard","meta":{"footnotes":""},"categories":[241,5380,231],"tags":[451],"class_list":{"0":"post-215859","1":"post","2":"type-post","3":"status-publish","4":"format-standard","5":"has-post-thumbnail","7":"category-aktualitet","8":"category-kryesore","9":"category-lajme","10":"tag-lajme-zjarr"},"_links":{"self":[{"href":"https:\/\/zjarr.tv\/en\/wp-json\/wp\/v2\/posts\/215859","targetHints":{"allow":["GET"]}}],"collection":[{"href":"https:\/\/zjarr.tv\/en\/wp-json\/wp\/v2\/posts"}],"about":[{"href":"https:\/\/zjarr.tv\/en\/wp-json\/wp\/v2\/types\/post"}],"author":[{"embeddable":true,"href":"https:\/\/zjarr.tv\/en\/wp-json\/wp\/v2\/users\/2020"}],"replies":[{"embeddable":true,"href":"https:\/\/zjarr.tv\/en\/wp-json\/wp\/v2\/comments?post=215859"}],"version-history":[{"count":0,"href":"https:\/\/zjarr.tv\/en\/wp-json\/wp\/v2\/posts\/215859\/revisions"}],"wp:featuredmedia":[{"embeddable":true,"href":"https:\/\/zjarr.tv\/en\/wp-json\/wp\/v2\/media\/215863"}],"wp:attachment":[{"href":"https:\/\/zjarr.tv\/en\/wp-json\/wp\/v2\/media?parent=215859"}],"wp:term":[{"taxonomy":"category","embeddable":true,"href":"https:\/\/zjarr.tv\/en\/wp-json\/wp\/v2\/categories?post=215859"},{"taxonomy":"post_tag","embeddable":true,"href":"https:\/\/zjarr.tv\/en\/wp-json\/wp\/v2\/tags?post=215859"}],"curies":[{"name":"wp","href":"https:\/\/api.w.org\/{rel}","templated":true}]}}