{"id":217209,"date":"2021-11-09T18:17:58","date_gmt":"2021-11-09T17:17:58","guid":{"rendered":"https:\/\/zjarr.tv\/?p=217209"},"modified":"2021-11-09T18:17:58","modified_gmt":"2021-11-09T17:17:58","slug":"evi-kokalari-ne-11-dhjetor-berisha-zgjidhet-kryetar-i-pd-do-te-jete-kryeminister-i-shqiperise","status":"publish","type":"post","link":"https:\/\/zjarr.tv\/en\/evi-kokalari-ne-11-dhjetor-berisha-zgjidhet-kryetar-i-pd-do-te-jete-kryeminister-i-shqiperise\/","title":{"rendered":"Evi Kokalari: N\u00eb 11 dhjetor Berisha zgjidhet kryetar i PD, do t\u00eb jet\u00eb kryeminist\u00ebr i Shqip\u00ebris\u00eb"},"content":{"rendered":"<p>Nga Foltorja e Pogradecit, aktivistja shqiptaro-amerikane e Partise Republikane, Evi Kokalari, u shpreh se ne Kuvendin e 11 dhjetorit, Berisha do te zgjidhet kryetar i PD. <\/p>\n<p>Gjithashtu, Kokalari shtoi se Berisha do te jete edhe kryeminister i Shqipwrise. <\/p>\n<p>&#8220;Dua t\u00eb fokusohem te Lulzim Basha. E dim\u00eb q\u00eb do t\u00eb ik\u00eb, K\u00ebto koh\u00ebt e fundit Basha ka sulmuar ryetarin e forumit t\u00eb t\u00eb rinjve, k\u00ebta jan\u00eb t\u00eb rinj q\u00eb duhet t&#8217;i inkurajojm\u00eb, jo ti dekurajojm\u00eb. <\/p>\n<p>Mb\u00ebshtes Albana Vokshin q\u00eb \u00ebsht\u00eb ngritur kund\u00ebr Lulzim Bash\u00ebs, sepse \u00ebsht\u00eb e vetmja m\u00ebnyr\u00eb p\u00ebr t\u00eb luftuar korrupsionin brenda PD. N\u00eb 11 dhjetor kryetar i ri i PD do t\u00eb jet\u00eb Sali Berisha. <\/p>\n<p>HJer\u00ebn e fundit q\u00eb isha n\u00eb Shqip\u00ebri isha e vbetmja q\u00eb thoja se Berisha do t\u00eb b\u00ebhet kryetar i PD dhe dua ta shoh Berish\u00ebn kryeminist\u00ebr t\u00eb Shqip\u00ebris\u00eb. Gj\u00ebja e par\u00eb q\u00eb duhet t\u00eb b\u00ebj\u00eb Berisha \u00ebsht\u00eb t\u00eb shpall\u00eb George Soros, t\u00eb birin, non grata. T\u00eb nj\u00ebjt\u00ebn gj\u00eb duhet t\u00eb b\u00ebj\u00eb edhe Kosova.<\/p>\n<p> Soros ka 5 zyra n\u00eb Ballkan. Berisha ka qen\u00eb i vetmi q\u00eb ka dal\u00eb kund\u00ebr hapur. Ka k\u00ebrkuar shpalljen e Soros non grata.<\/p>\n<p>Kur Soros mori kontrollin e DASH, e konsideruan Berish\u00ebn person non grata&#8221;.<\/p>","protected":false},"excerpt":{"rendered":"<p>Nga Foltorja e Pogradecit, aktivistja shqiptaro-amerikane e Partise Republikane, Evi Kokalari, u shpreh se ne Kuvendin e 11 dhjetorit, Berisha do te zgjidhet kryetar i PD. Gjithashtu, Kokalari shtoi se Berisha do te jete edhe kryeminister i Shqipwrise. &#8220;Dua t\u00eb fokusohem te Lulzim Basha. E dim\u00eb q\u00eb do t\u00eb ik\u00eb, K\u00ebto koh\u00ebt e fundit Basha [&hellip;]<\/p>\n","protected":false},"author":2031,"featured_media":217210,"comment_status":"closed","ping_status":"closed","sticky":false,"template":"","format":"standard","meta":{"footnotes":""},"categories":[241,231,235],"tags":[],"class_list":{"0":"post-217209","1":"post","2":"type-post","3":"status-publish","4":"format-standard","5":"has-post-thumbnail","7":"category-aktualitet","8":"category-lajme","9":"category-vendi"},"_links":{"self":[{"href":"https:\/\/zjarr.tv\/en\/wp-json\/wp\/v2\/posts\/217209","targetHints":{"allow":["GET"]}}],"collection":[{"href":"https:\/\/zjarr.tv\/en\/wp-json\/wp\/v2\/posts"}],"about":[{"href":"https:\/\/zjarr.tv\/en\/wp-json\/wp\/v2\/types\/post"}],"author":[{"embeddable":true,"href":"https:\/\/zjarr.tv\/en\/wp-json\/wp\/v2\/users\/2031"}],"replies":[{"embeddable":true,"href":"https:\/\/zjarr.tv\/en\/wp-json\/wp\/v2\/comments?post=217209"}],"version-history":[{"count":0,"href":"https:\/\/zjarr.tv\/en\/wp-json\/wp\/v2\/posts\/217209\/revisions"}],"wp:featuredmedia":[{"embeddable":true,"href":"https:\/\/zjarr.tv\/en\/wp-json\/wp\/v2\/media\/217210"}],"wp:attachment":[{"href":"https:\/\/zjarr.tv\/en\/wp-json\/wp\/v2\/media?parent=217209"}],"wp:term":[{"taxonomy":"category","embeddable":true,"href":"https:\/\/zjarr.tv\/en\/wp-json\/wp\/v2\/categories?post=217209"},{"taxonomy":"post_tag","embeddable":true,"href":"https:\/\/zjarr.tv\/en\/wp-json\/wp\/v2\/tags?post=217209"}],"curies":[{"name":"wp","href":"https:\/\/api.w.org\/{rel}","templated":true}]}}