{"id":221706,"date":"2021-12-02T18:36:38","date_gmt":"2021-12-02T17:36:38","guid":{"rendered":"https:\/\/zjarr.tv\/?p=221706"},"modified":"2021-12-02T18:36:38","modified_gmt":"2021-12-02T17:36:38","slug":"cdo-vit-ne-nentor-shperthen-enverizmi-flet-nebil-cika-te-frenojme-zyrtaret-e-shtetit-me-bindje-komuniste-yuri-kim-te-mos-perserise-gabimin-e","status":"publish","type":"post","link":"https:\/\/zjarr.tv\/en\/cdo-vit-ne-nentor-shperthen-enverizmi-flet-nebil-cika-te-frenojme-zyrtaret-e-shtetit-me-bindje-komuniste-yuri-kim-te-mos-perserise-gabimin-e\/","title":{"rendered":"\u201c\u00c7do vit n\u00eb n\u00ebntor shp\u00ebrthen enverizmi\u201d, flet Nebil \u00c7ika: T\u00eb frenojm\u00eb zyrtar\u00ebt e shtetit me bindje komuniste, Yuri Kim t\u00eb mos p\u00ebrs\u00ebris\u00eb gabimin e \u2026"},"content":{"rendered":"<p>Nebil \u00c7ika, ish-kreu i Shoqat\u00ebs anti-Komuniste, ka qen\u00eb i ftuar k\u00ebt\u00eb t\u00eb enjte n\u00eb studion e Fax Ne\u00ebs p\u00ebr t\u00eb folur p\u00ebr projektligjin e \u2018Dekomunistizimit\u2019 t\u00eb Shqip\u00ebris\u00eb.<\/p>\n<p>Nebil \u00c7ika ka deklaruar se ky projektligj q\u00eb po p\u00ebrgatitet nga PD \u00ebsht\u00eb shum\u00eb i nevojsh\u00ebm p\u00ebr t\u00eb frenuar zyrtar\u00ebt q\u00eb kan\u00eb bindje komuniste t\u2019i reflektojn\u00eb ato bindje n\u00eb aktivitetin e tyre t\u00eb p\u00ebrditsh\u00ebm.<\/p>\n<p>\u201c\u00c7do vit n\u00eb n\u00ebtor ka shp\u00ebrthim t\u00eb enverizmit. Ka p\u00ebrfshirje t\u00eb figurave, sivjet ishte nj\u00eb debutet. Kishim dhe nj\u00eb shfaqje n\u00eb teat\u00ebr, nj\u00eb vep\u00ebr terroriste. N\u00eb nj\u00eb kontakt q\u00eb pata me z.Basha dhe Alibeaj me than\u00eb se po shikohet mund\u00ebsia p\u00ebr ta zgjeruar k\u00ebt\u00eb projektligj. \u00cbsht\u00eb koncept shum\u00eb i gabuar. Nuk \u00ebsht\u00eb nostalgji por \u00ebsht\u00eb bindje kur k\u00ebmb\u00ebngul. Nj\u00eb njeri i bindur me komunizmin e relfekton ate n\u00eb veprimtarin\u00eb e perditshme. N\u00ebse ke n\u00eb komision nj\u00eb njeri me bindje komuniste, at\u00ebher\u00eb rrezikohet jeta jon\u00eb. Nuk b\u00ebhet fjal\u00eb p\u00ebr nostalgji, por k\u00ebta kan\u00eb mentalitet komunisti dhe e shfaqin p\u00ebrdit\u00eb. Ne kujtohemi p\u00ebr ta kur nxjerrin portretin. \u00c7do dit\u00eb e shqfaqin an\u00ebn komuniste. Prandaj \u00ebsht\u00eb i domosdosh\u00ebm ky ligj q\u00eb \u00ebsht\u00eb b\u00ebr\u00eb me koh\u00eb n\u00eb vendet e tjera q\u00eb \u00ebsht\u00eb m\u00eb i ashp\u00ebr. Shqip\u00ebria \u00ebsht\u00eb i vetmi vend n\u00eb Europ\u00ebn lindore q\u00eb deri n\u00eb vitet 90 ishte nj\u00eb vend stalinist. Si parlament, si qeveri jan\u00eb t\u00eb detyruar\u201c, tha ai.<\/p>\n<p>M\u00eb tej, Nebil \u00c7ika ka folur dhe p\u00ebr urimin q\u00eb b\u00ebri n\u00eb dat\u00eb 29 n\u00ebntor Ambasada amerikane n\u00eb Shqip\u00ebri. Ai tha se shpreson q\u00eb t\u00eb jet\u00eb nj\u00eb gabim dhe t\u00eb mos p\u00ebrs\u00ebritet m\u00eb, pasi dat\u00ebn 29 n\u00ebntor nuk e njeh gjysma e popullit shqiptar.<\/p>\n<p>\u201cKemi 12 mij\u00eb njer\u00ebz t\u00eb zhdukur n\u00eb\u00eb m\u00ebnyra t\u00eb ndryshme. N\u00eb vend q\u00eb t\u00eb investohet shteti p\u00ebr d\u00ebnimin e krimeve t\u00eb komunizmit, b\u00ebn glorifikimin e tyre. \u00cbsht\u00eb deformuar historia e Shqip\u00ebris\u00eb. F\u00ebmij\u00ebt kur shohin k\u00ebto filma mendojn\u00eb se kan\u00eb ndodhur v\u00ebrtet\u00eb. Nj\u00eb njeri q\u00eb flet n\u00eb rrug\u00eb p\u00ebr Enverin s\u2019ke cfar\u00eb i b\u00ebn, por nj\u00eb zyrtar publik q\u00eb ndikon te njer\u00ebzit duhet t\u00eb frenohet. Nj\u00eb nism\u00eb e till\u00eb \u00ebsht\u00eb shum\u00eb e r\u00ebnd\u00ebsishme. Ambasada amerikane uroi 29 n\u00ebntorin, por duhet b\u00ebr\u00eb kujdes, sepse gjysma e popullit nuk e njeh k\u00ebt\u00eb dat\u00eb. Nj\u00eb ambasador duhet t\u00eb tregohet e kujdesshme. Mendoj se mund t\u00eb ket\u00eb qen\u00eb e keqinformuar. Shpresoj se \u00ebsht\u00eb nj\u00eb gabim q\u00eb t\u00eb mos p\u00ebrs\u00ebritet. Mbase se ka b\u00ebr\u00eb vet\u00eb ajo, por stafi. Ka qen\u00eb apo jo me q\u00ebllim duhet par\u00eb. \u00cbsht\u00eb gabim q\u00eb nuk ka ndodhur m\u00eb para\u201d, deklaroi ai.<\/p>","protected":false},"excerpt":{"rendered":"<p>Nebil \u00c7ika, ish-kreu i Shoqat\u00ebs anti-Komuniste, ka qen\u00eb i ftuar k\u00ebt\u00eb t\u00eb enjte n\u00eb studion e Fax Ne\u00ebs p\u00ebr t\u00eb folur p\u00ebr projektligjin e \u2018Dekomunistizimit\u2019 t\u00eb Shqip\u00ebris\u00eb. Nebil \u00c7ika ka deklaruar se ky projektligj q\u00eb po p\u00ebrgatitet nga PD \u00ebsht\u00eb shum\u00eb i nevojsh\u00ebm p\u00ebr t\u00eb frenuar zyrtar\u00ebt q\u00eb kan\u00eb bindje komuniste t\u2019i reflektojn\u00eb ato bindje [&hellip;]<\/p>\n","protected":false},"author":2030,"featured_media":221707,"comment_status":"closed","ping_status":"closed","sticky":false,"template":"","format":"standard","meta":{"footnotes":""},"categories":[241],"tags":[],"class_list":{"0":"post-221706","1":"post","2":"type-post","3":"status-publish","4":"format-standard","5":"has-post-thumbnail","7":"category-aktualitet"},"_links":{"self":[{"href":"https:\/\/zjarr.tv\/en\/wp-json\/wp\/v2\/posts\/221706","targetHints":{"allow":["GET"]}}],"collection":[{"href":"https:\/\/zjarr.tv\/en\/wp-json\/wp\/v2\/posts"}],"about":[{"href":"https:\/\/zjarr.tv\/en\/wp-json\/wp\/v2\/types\/post"}],"author":[{"embeddable":true,"href":"https:\/\/zjarr.tv\/en\/wp-json\/wp\/v2\/users\/2030"}],"replies":[{"embeddable":true,"href":"https:\/\/zjarr.tv\/en\/wp-json\/wp\/v2\/comments?post=221706"}],"version-history":[{"count":0,"href":"https:\/\/zjarr.tv\/en\/wp-json\/wp\/v2\/posts\/221706\/revisions"}],"wp:featuredmedia":[{"embeddable":true,"href":"https:\/\/zjarr.tv\/en\/wp-json\/wp\/v2\/media\/221707"}],"wp:attachment":[{"href":"https:\/\/zjarr.tv\/en\/wp-json\/wp\/v2\/media?parent=221706"}],"wp:term":[{"taxonomy":"category","embeddable":true,"href":"https:\/\/zjarr.tv\/en\/wp-json\/wp\/v2\/categories?post=221706"},{"taxonomy":"post_tag","embeddable":true,"href":"https:\/\/zjarr.tv\/en\/wp-json\/wp\/v2\/tags?post=221706"}],"curies":[{"name":"wp","href":"https:\/\/api.w.org\/{rel}","templated":true}]}}