{"id":225206,"date":"2021-12-18T14:58:52","date_gmt":"2021-12-18T13:58:52","guid":{"rendered":"https:\/\/zjarr.tv\/?p=225206"},"modified":"2021-12-18T14:58:52","modified_gmt":"2021-12-18T13:58:52","slug":"dy-fjale-te-sinqerta-per-bashen-flutura-acka-kryedemokratit-nderroni-lekure-dhe-hiqni-klishene-e-vjeter-te-politikanit-te-keq","status":"publish","type":"post","link":"https:\/\/zjarr.tv\/en\/dy-fjale-te-sinqerta-per-bashen-flutura-acka-kryedemokratit-nderroni-lekure-dhe-hiqni-klishene-e-vjeter-te-politikanit-te-keq\/","title":{"rendered":"\u201cDy fjal\u00eb t\u00eb sinqerta p\u00ebr Bash\u00ebn\u201d, Flutura A\u00e7ka-kryedemokratit: \u201cNd\u00ebrroni l\u00ebkur\u00eb\u201d dhe hiqni klishen\u00eb e vjet\u00ebr t\u00eb politikanit t\u00eb keq!"},"content":{"rendered":"<p>Deputetja e Partis\u00eb Demokratike Flutura A\u00e7ka ka folur sot n\u00eb Kuvendin Komb\u00ebtar t\u00eb PD, ku u shpreh se partia nuk \u00ebsht\u00eb p\u00ebr t\u2019u pasuruar dhe m\u00eb pas t\u00eb largohesh pa dh\u00ebn\u00eb asnj\u00eb far\u00eb llogarie, por sipas saj \u00ebsht\u00eb p\u00ebr t\u00eb sh\u00ebrbyer.\u00a0 N\u00eb p\u00ebrmbyllje t\u00eb fjal\u00ebs s\u00eb saj, ajo iu drejtua kreut t\u00eb PD-s\u00eb, Lulzim Bash\u00ebs, duke i k\u00ebrkuar q\u00eb t\u00eb heq\u00eb klishen\u00eb e krijuar se \u201cnj\u00eb politikan hyn i mir\u00eb n\u00eb politik\u00eb dhe del i keq\u201d, duke dh\u00ebn\u00eb shembullin e kund\u00ebrt.<\/p>\n<p>Pjes\u00eb nga fjala e Flutuara A\u00e7k\u00ebs:<\/p>\n<p>N\u00eb k\u00ebto muaj m\u00eb \u00ebsht\u00eb dashur t\u00eb p\u00ebrjetoj dy shembje, at\u00eb t\u00eb efektit t\u00eb Kodit Zgjedhor n\u00eb zgjedhjet e 25 prillit, dhe shpalljen \u201cnon grata\u201d t\u00eb ish-liderit ton\u00eb historik, nga efekti i t\u00eb cilit sot duket sikur jemi dy pal\u00eb. S\u00eb pari, ne nuk b\u00ebm\u00eb nj\u00eb analiz\u00eb t\u00eb thell\u00eb t\u00eb zgjedhjeve, pasi ngjarjet ndoq\u00ebn me shpejt\u00ebsi nj\u00ebra-tjetr\u00ebn dhe ende nuk i kemi bluar plot\u00ebsisht. N\u00eb rastin e dyt\u00eb, me shpalljen \u201cnon grata\u201d t\u00eb Berish\u00ebs, u thirr\u00ebn n\u00eb sken\u00eb njer\u00ebz me nj\u00eb fjalor anti-demokrat dhe q\u00eb ngrit\u00ebn nj\u00eb fushat\u00eb lin\u00e7imi. Vet\u00ebm pse kam guxuar t\u00eb them t\u00eb v\u00ebrtet\u00ebn time, q\u00eb kjo parti duhet t\u00eb shoh\u00eb p\u00ebrpara, kam qen\u00eb p\u00ebr jav\u00eb t\u00eb t\u00ebra n\u00eb nj\u00eb rrebesh fyerjesh, k\u00ebrc\u00ebnimesh.<\/p>\n<p>Organizimi i gjyqeve publike me skena q\u00eb t\u00eb kujtojn\u00eb amfitaetarot e vjet\u00ebr. Nuk \u00ebsht\u00eb d\u00ebshp\u00ebrim, por nj\u00eb urrejtje q\u00eb nuk do ta kisha besuar po t\u00eb mos e kisha njohur vet\u00eb. Madje disa abuzuan me pushtetin. A \u00ebsht\u00eb kjo demokraci. Partia \u00ebsht\u00eb streh\u00eb e madhe ajo nuk\u00a0 p\u00ebrdoret p\u00ebr pasuri dhe m\u00eb pas t\u00eb braktis\u00ebsh dhe t\u00eb mos jap\u00ebsh kurr\u00eb llogari, madje duke k\u00ebrkuar prej saj q\u00eb t\u00eb mbuloj\u00eb me gjethe fiku zullumin t\u00ebnd. Politika \u00ebsht\u00eb sh\u00ebrbim dhe jo pasurim, kush fshihet pas p\u00ebrdorimit t\u00eb posteve, duhet t\u00eb largohet.<\/p>\n<p>Kam dy fjal\u00eb t\u00eb sinqerta p\u00ebr Zotin basha:\u00a0 M\u00eb vjen mir\u00eb q\u00eb ka ardhur nj\u00eb koh\u00eb reflektimi edhe p\u00ebr ju. Ta b\u00ebjm\u00eb PD v\u00ebrtet demokratike dhe t\u00eb krijojm\u00eb mund\u00ebsin\u00eb t\u00eb qarkullojn\u00eb elitat. T\u00eb amnistojm\u00eb \u00e7do keqkuptim t\u00eb sot\u00ebm me nj\u00eb pjes\u00eb t\u00eb rinis\u00eb son\u00eb, q\u00eb e kemi jasht\u00eb k\u00ebsaj salle. E kuptoj hendekun q\u00eb na \u00ebsht\u00eb krijuar me baz\u00ebn dhe kjo \u00ebsht\u00eb e kuptueshme, por nga nes\u00ebr ju duhet t\u00eb ktheheni m\u00eb shpesh dhe m\u00eb bindsh\u00ebm te demokrat\u00ebt. Ata jan\u00eb duke pritur tua thoni n\u00eb sy d\u00ebshp\u00ebrimin e tyre. Afrimi m\u00eb shum\u00eb te baza nuk \u00ebsht\u00eb qasje konservatore, por njer\u00ebzore. Ju k\u00ebrkoj t\u00eb ndryshoni, t\u00eb gjeni nj\u00eb X faktor, t\u00eb nd\u00ebrroni l\u00ebkur\u00eb, n\u00eb politik\u00ebn shqiptare \u00ebsht\u00eb krijuar klisheja se nj\u00eb politikan hyn i mir\u00eb n\u00eb politik\u00eb, e del i keq, jepni shembullin e kund\u00ebrt. Ua k\u00ebrkoj publikisht, hiqeni at\u00eb tonik ju i pari.<\/p>","protected":false},"excerpt":{"rendered":"<p>Deputetja e Partis\u00eb Demokratike Flutura A\u00e7ka ka folur sot n\u00eb Kuvendin Komb\u00ebtar t\u00eb PD, ku u shpreh se partia nuk \u00ebsht\u00eb p\u00ebr t\u2019u pasuruar dhe m\u00eb pas t\u00eb largohesh pa dh\u00ebn\u00eb asnj\u00eb far\u00eb llogarie, por sipas saj \u00ebsht\u00eb p\u00ebr t\u00eb sh\u00ebrbyer.\u00a0 N\u00eb p\u00ebrmbyllje t\u00eb fjal\u00ebs s\u00eb saj, ajo iu drejtua kreut t\u00eb PD-s\u00eb, Lulzim Bash\u00ebs, [&hellip;]<\/p>\n","protected":false},"author":2030,"featured_media":225207,"comment_status":"closed","ping_status":"closed","sticky":false,"template":"","format":"standard","meta":{"footnotes":""},"categories":[241,3366,1454],"tags":[],"class_list":{"0":"post-225206","1":"post","2":"type-post","3":"status-publish","4":"format-standard","5":"has-post-thumbnail","7":"category-aktualitet","8":"category-koment","9":"category-politike"},"_links":{"self":[{"href":"https:\/\/zjarr.tv\/en\/wp-json\/wp\/v2\/posts\/225206","targetHints":{"allow":["GET"]}}],"collection":[{"href":"https:\/\/zjarr.tv\/en\/wp-json\/wp\/v2\/posts"}],"about":[{"href":"https:\/\/zjarr.tv\/en\/wp-json\/wp\/v2\/types\/post"}],"author":[{"embeddable":true,"href":"https:\/\/zjarr.tv\/en\/wp-json\/wp\/v2\/users\/2030"}],"replies":[{"embeddable":true,"href":"https:\/\/zjarr.tv\/en\/wp-json\/wp\/v2\/comments?post=225206"}],"version-history":[{"count":0,"href":"https:\/\/zjarr.tv\/en\/wp-json\/wp\/v2\/posts\/225206\/revisions"}],"wp:featuredmedia":[{"embeddable":true,"href":"https:\/\/zjarr.tv\/en\/wp-json\/wp\/v2\/media\/225207"}],"wp:attachment":[{"href":"https:\/\/zjarr.tv\/en\/wp-json\/wp\/v2\/media?parent=225206"}],"wp:term":[{"taxonomy":"category","embeddable":true,"href":"https:\/\/zjarr.tv\/en\/wp-json\/wp\/v2\/categories?post=225206"},{"taxonomy":"post_tag","embeddable":true,"href":"https:\/\/zjarr.tv\/en\/wp-json\/wp\/v2\/tags?post=225206"}],"curies":[{"name":"wp","href":"https:\/\/api.w.org\/{rel}","templated":true}]}}