{"id":225210,"date":"2021-12-18T15:01:06","date_gmt":"2021-12-18T14:01:06","guid":{"rendered":"https:\/\/zjarr.tv\/?p=225210"},"modified":"2021-12-18T15:01:06","modified_gmt":"2021-12-18T14:01:06","slug":"salianji-ironizon-mbeshtetesit-e-berishes-ky-kuvend-ndrin-ata-jane-mbledhur-ne-qoftore-dhe-bilardo","status":"publish","type":"post","link":"https:\/\/zjarr.tv\/en\/salianji-ironizon-mbeshtetesit-e-berishes-ky-kuvend-ndrin-ata-jane-mbledhur-ne-qoftore-dhe-bilardo\/","title":{"rendered":"Salianji ironizon mb\u00ebshtet\u00ebsit e Berish\u00ebs: Ky Kuvend ndrin, ata jan\u00eb mbledhur n\u00eb qoftore dhe bilardo"},"content":{"rendered":"<p>Deputeti demokrat Ervin Salianji ka mbajtur fjal\u00ebn e tij n\u00eb Kuvendin Komb\u00ebtar t\u00eb PD-s\u00eb t\u00eb thirrur nga Lulzim Basha.<\/p>\n<p>Salianji ka ironizuar mb\u00ebshtet\u00ebsit e Sali Berish\u00ebs q\u00eb jan\u00eb duke votuar n\u00eb referendumin p\u00ebr shkarkimin e Bash\u00ebs duke th\u00ebn\u00eb se jan\u00eb mbledhur n\u00eb qofte dhe bilardo. Nd\u00ebrsa \u201cky Kuvend ndrin\u201d, tha ai.<\/p>\n<p>Salianji tha se Kuvendi i PD p\u00ebrkon me nj\u00eb betej\u00eb mes Lindjes dhe Per\u00ebndimit q\u00eb po zhvillohet n\u00eb vendin ton\u00eb.<\/p>\n<p>\u201cN\u00eb nj\u00ebr\u00ebn an\u00eb ky kuvend ndrinte, nd\u00ebrsa n\u00eb an\u00ebn tjet\u00ebr jepeshin pamje t\u00eb njer\u00ebzve n\u00eb qoftore apo bilardo. Ky Kuvend \u00ebsht\u00eb nj\u00eb nj\u00eb moment kritik, por momente t\u00eb tilla jan\u00eb t\u00eb pashmangshme p\u00ebr PD. Ky moment \u00ebsht\u00eb kulmor, ky Kuvend zhvillohet n\u00eb nj\u00eb moment historit dhe vendimtar p\u00ebr Shqip\u00ebrin\u00eb, n\u00eb nj\u00eb p\u00ebrplasje t\u00eb qart\u00eb mes Lindjes dhe Per\u00ebndimit\u201d, u shpreh Salianji.<\/p>","protected":false},"excerpt":{"rendered":"<p>Deputeti demokrat Ervin Salianji ka mbajtur fjal\u00ebn e tij n\u00eb Kuvendin Komb\u00ebtar t\u00eb PD-s\u00eb t\u00eb thirrur nga Lulzim Basha. Salianji ka ironizuar mb\u00ebshtet\u00ebsit e Sali Berish\u00ebs q\u00eb jan\u00eb duke votuar n\u00eb referendumin p\u00ebr shkarkimin e Bash\u00ebs duke th\u00ebn\u00eb se jan\u00eb mbledhur n\u00eb qofte dhe bilardo. Nd\u00ebrsa \u201cky Kuvend ndrin\u201d, tha ai. Salianji tha se Kuvendi [&hellip;]<\/p>\n","protected":false},"author":2030,"featured_media":0,"comment_status":"closed","ping_status":"closed","sticky":false,"template":"","format":"standard","meta":{"footnotes":""},"categories":[241,1454],"tags":[],"class_list":{"0":"post-225210","1":"post","2":"type-post","3":"status-publish","4":"format-standard","6":"category-aktualitet","7":"category-politike"},"_links":{"self":[{"href":"https:\/\/zjarr.tv\/en\/wp-json\/wp\/v2\/posts\/225210","targetHints":{"allow":["GET"]}}],"collection":[{"href":"https:\/\/zjarr.tv\/en\/wp-json\/wp\/v2\/posts"}],"about":[{"href":"https:\/\/zjarr.tv\/en\/wp-json\/wp\/v2\/types\/post"}],"author":[{"embeddable":true,"href":"https:\/\/zjarr.tv\/en\/wp-json\/wp\/v2\/users\/2030"}],"replies":[{"embeddable":true,"href":"https:\/\/zjarr.tv\/en\/wp-json\/wp\/v2\/comments?post=225210"}],"version-history":[{"count":0,"href":"https:\/\/zjarr.tv\/en\/wp-json\/wp\/v2\/posts\/225210\/revisions"}],"wp:attachment":[{"href":"https:\/\/zjarr.tv\/en\/wp-json\/wp\/v2\/media?parent=225210"}],"wp:term":[{"taxonomy":"category","embeddable":true,"href":"https:\/\/zjarr.tv\/en\/wp-json\/wp\/v2\/categories?post=225210"},{"taxonomy":"post_tag","embeddable":true,"href":"https:\/\/zjarr.tv\/en\/wp-json\/wp\/v2\/tags?post=225210"}],"curies":[{"name":"wp","href":"https:\/\/api.w.org\/{rel}","templated":true}]}}