{"id":225214,"date":"2021-12-18T15:04:09","date_gmt":"2021-12-18T14:04:09","guid":{"rendered":"https:\/\/zjarr.tv\/?p=225214"},"modified":"2021-12-18T15:04:09","modified_gmt":"2021-12-18T14:04:09","slug":"fjalimi-i-forte-i-agron-gjekmarkajt-pd-duhet-te-ndahet-nga-berishizmi-si-u-nda-shoqeria-nga-enverizmi-basha-ti-jape-fund-modelit-te-saliut","status":"publish","type":"post","link":"https:\/\/zjarr.tv\/en\/fjalimi-i-forte-i-agron-gjekmarkajt-pd-duhet-te-ndahet-nga-berishizmi-si-u-nda-shoqeria-nga-enverizmi-basha-ti-jape-fund-modelit-te-saliut\/","title":{"rendered":"Fjalimi i fort\u00eb i Agron Gjekmarkajt: PD duhet t\u00eb ndahet nga berishizmi si u nda shoq\u00ebria nga enverizmi! Basha t\u2019i jap\u00eb fund modelit t\u00eb Saliut"},"content":{"rendered":"<p>Agron Gjekmarkaj, deputet i PD dhe an\u00ebtar i Kuvendit Komb\u00ebtar, ka mbajtur nj\u00eb fjalim t\u00eb fort\u00eb. Ai ka th\u00ebn\u00eb se Sali Berisha \u00ebsht\u00eb p\u00ebrgjegj\u00ebs p\u00ebr problemet me t\u00eb cilat kjo forc\u00eb politike po p\u00ebrballet sot, ndaj dhe Basha duhet t\u00eb ndahet nga modeli i ish-kryeministrit.<\/p>\n<p>\u201cPD po pranon kriz\u00ebn e saj t\u00eb madhe t\u00eb identiteti. Identiteti i saj nuk mund t\u00eb jet\u00eb identiteti i liderit. PD duhet t\u00eb ndahet nga berishizmi si u nda shoq\u00ebria nga enverizmi. Berishizmi sot \u00ebsht\u00eb enverizmi i demokracis\u00eb. Nuk dua t\u00eb them se \u00ebsht\u00eb burimi i gjith\u00eb t\u00eb k\u00ebqijave, duke mos e mohuar respektin dhe konsiderat\u00ebn intelektuale p\u00ebr Berish\u00ebn, ai sot po godet trash\u00ebgimin e vet. Sali berisha duhet t\u00eb priste\u201d, tha nd\u00ebr t\u00eb tjera Gjekmarkaj.<\/p>\n<p>Pjes\u00eb nga fjala e deputetit t\u00eb PD:<\/p>\n<p>Duke kaluar p\u00ebrmes sfidash dhe trazimesh, ja ku jemi sot. Ja ku jemi ne. Partia Demokratike e Shqip\u00ebris\u00eb. Ndon\u00ebse prezanca juaj k\u00ebtu \u00ebsht\u00eb burim vendosm\u00ebrie, jemi k\u00ebtu p\u00ebr t\u00eb ndar\u00eb nj\u00eb kriz\u00eb t\u00eb madhe q\u00eb na ka p\u00ebrfshir\u00eb. Ajo q\u00eb shfaqet si luft\u00eb mes Bash\u00ebs dhe Berish\u00ebs, \u00ebsht\u00eb nj\u00eb luft\u00eb p\u00ebr dy modele partish. PD \u00ebsht\u00eb partia e t\u00eb gjith\u00ebve dhe nuk mund t\u00eb lejoj\u00eb q\u00eb kriza e nj\u00eb personaliteti politik si Sali Berisha t\u00eb p\u00ebrcaktoj\u00eb fatin e PD p\u00ebrgjithmon\u00eb. Askush sa Sali Berisha nuk mund t\u00eb jet\u00eb p\u00ebrgjegj\u00ebs p\u00ebr krijimin e k\u00ebtyre problemeve. Do doja q\u00eb ky Kuvend, kjo parti t\u00eb realizoj\u00eb vetveten n\u00eb m\u00ebnyr\u00eb kritike dhe analitike.<\/p>\n<p>PD po pranon kriz\u00ebn e saj t\u00eb madhe t\u00eb identiteti. Identiteti i saj nuk mund t\u00eb jet\u00eb identiteti i liderit. PD duhet t\u00eb ndahet nga berishizmi si u nda shoq\u00ebria nga enverizmi. Berishizmi sot \u00ebsht\u00eb enverizmi i demokracis\u00eb. Nuk dua t\u00eb them se \u00ebsht\u00eb burimi i gjith\u00eb t\u00eb k\u00ebqijave, duke mos e mohuar respektin dhe konsiderat\u00ebn intelektuale p\u00ebr Berish\u00ebn, ai sot po godet trash\u00ebgimin e vet. Sali berisha duhet t\u00eb priste. P\u00ebr mij\u00ebra e mij\u00ebra demokrat\u00eb q\u00eb e kan\u00eb ngritur n\u00eb majat e pushtetit. Mbi supet e tij mund t\u00eb rrinte dhe nj\u00eb akt kaq trondit\u00ebs sa shpallja \u201cnon grata\u201d.<\/p>\n<p>N\u00ebse Lulzim Basha dhe ne demokrat\u00ebt duam ti ndryshojm\u00eb kultin k\u00ebsaj partie duke e orientuar drejt s\u00eb nes\u00ebrmes, duhet ta kalojm\u00eb dhe pse jo ta rishpikim vet\u00ebveten. Basha e ka jetike ti jap\u00eb fund modelit politik t\u00eb promovuar nga Sali Berisha. Model q\u00eb dominohet nga arroganca. N\u00eb Statutin e PD duhet t\u00eb shkruhet me g\u00ebrma kapitale se kur kryetari humbet zgjedhjet e certifkuara nga OSBE\/ODIHR duhet t\u00eb largohet. Ne duhet t\u00eb mblidhemi p\u00ebrs\u00ebri dhe sa m\u00eb shpesh n\u00eb Kuvend te tilla. Ne jemi para zgjedhjeve lokale, nj\u00eb prov\u00eb p\u00ebr ne dhe nj\u00eb mund\u00ebsi e madhe p\u00ebr t\u00eb nd\u00ebrtuar alaeanca me qytetar\u00ebt. Nd\u00ebrtoni modelin tuaj t\u00eb liderit, duke ia l\u00ebn\u00eb modelin Berisha historis\u00eb.<\/p>","protected":false},"excerpt":{"rendered":"<p>Agron Gjekmarkaj, deputet i PD dhe an\u00ebtar i Kuvendit Komb\u00ebtar, ka mbajtur nj\u00eb fjalim t\u00eb fort\u00eb. Ai ka th\u00ebn\u00eb se Sali Berisha \u00ebsht\u00eb p\u00ebrgjegj\u00ebs p\u00ebr problemet me t\u00eb cilat kjo forc\u00eb politike po p\u00ebrballet sot, ndaj dhe Basha duhet t\u00eb ndahet nga modeli i ish-kryeministrit. \u201cPD po pranon kriz\u00ebn e saj t\u00eb madhe t\u00eb identiteti. [&hellip;]<\/p>\n","protected":false},"author":2030,"featured_media":225215,"comment_status":"closed","ping_status":"closed","sticky":false,"template":"","format":"standard","meta":{"footnotes":""},"categories":[241,3366,1454],"tags":[],"class_list":{"0":"post-225214","1":"post","2":"type-post","3":"status-publish","4":"format-standard","5":"has-post-thumbnail","7":"category-aktualitet","8":"category-koment","9":"category-politike"},"_links":{"self":[{"href":"https:\/\/zjarr.tv\/en\/wp-json\/wp\/v2\/posts\/225214","targetHints":{"allow":["GET"]}}],"collection":[{"href":"https:\/\/zjarr.tv\/en\/wp-json\/wp\/v2\/posts"}],"about":[{"href":"https:\/\/zjarr.tv\/en\/wp-json\/wp\/v2\/types\/post"}],"author":[{"embeddable":true,"href":"https:\/\/zjarr.tv\/en\/wp-json\/wp\/v2\/users\/2030"}],"replies":[{"embeddable":true,"href":"https:\/\/zjarr.tv\/en\/wp-json\/wp\/v2\/comments?post=225214"}],"version-history":[{"count":0,"href":"https:\/\/zjarr.tv\/en\/wp-json\/wp\/v2\/posts\/225214\/revisions"}],"wp:featuredmedia":[{"embeddable":true,"href":"https:\/\/zjarr.tv\/en\/wp-json\/wp\/v2\/media\/225215"}],"wp:attachment":[{"href":"https:\/\/zjarr.tv\/en\/wp-json\/wp\/v2\/media?parent=225214"}],"wp:term":[{"taxonomy":"category","embeddable":true,"href":"https:\/\/zjarr.tv\/en\/wp-json\/wp\/v2\/categories?post=225214"},{"taxonomy":"post_tag","embeddable":true,"href":"https:\/\/zjarr.tv\/en\/wp-json\/wp\/v2\/tags?post=225214"}],"curies":[{"name":"wp","href":"https:\/\/api.w.org\/{rel}","templated":true}]}}