{"id":225218,"date":"2021-12-18T15:19:41","date_gmt":"2021-12-18T14:19:41","guid":{"rendered":"https:\/\/zjarr.tv\/?p=225218"},"modified":"2021-12-18T15:19:41","modified_gmt":"2021-12-18T14:19:41","slug":"ditari-qe-mbajti-sot-caslli-fajin-e-ka-prape-saliu-ky-fajtor-i-perjetshem","status":"publish","type":"post","link":"https:\/\/zjarr.tv\/en\/ditari-qe-mbajti-sot-caslli-fajin-e-ka-prape-saliu-ky-fajtor-i-perjetshem\/","title":{"rendered":"Ditari q\u00eb mbajti sot Caslli: Fajin e ka prap\u00eb Saliu, ky &#8216;fajtor&#8217; i p\u00ebrjetsh\u00ebm&#8230;"},"content":{"rendered":"<p>Sh\u00ebnimet q\u00eb mbajti sot or\u00eb pas ore duke ndjekur zhvillimet e forta n\u00eb Partin\u00eb Demokratike, aktivistja Elona Caslli:<\/p>\n<p>Po t\u00eb ik\u00eb Berisha, Rama nuk kryen m\u00eb masak\u00ebr zgjedhore, por organizon zgjedhje t\u00eb lira dhe t\u00eb ndershme. Fajin e ka prap\u00eb Saliu q\u00eb Rama vjedh zgjedhjet dhe ambasador\u00ebt heshtin. Po t\u00eb mos ishte Berisha, Rama do t\u00eb kthehej n\u00eb rrug\u00eb t\u00eb mbar\u00eb. Post Scriptum &#8211; Saliu ky &#8220;fajtor&#8221; i p\u00ebrjetsh\u00ebm.<\/p>\n<p>Ora 14:00 Nuk m\u00eb dalin llogarit\u00eb<\/p>\n<p>N\u00eb Kuvendin ku po zgjidhet e ardhmja flitet p\u00ebr masakr\u00ebn zgjedhore t\u00eb 25 Prillit. Kjo masak\u00ebr zgjedhore a u krye para hund\u00ebs s\u00eb ambasador\u00ebve n\u00eb fjal\u00eb, apo e kujtoj gabim un\u00eb?!<\/p>\n<p>Ora 13:00  \u2018I di un\u00eb ato pun\u00eb\u2019<\/p>\n<p>Si p\u00ebrfundim: Un\u00eb nuk t\u00eb l\u00eb t\u00eb hysh n\u00eb sht\u00ebpin\u00eb time duke t\u00eb shpallur &#8221; Non Grata&#8221;, por t\u00eb shpall &#8221; Non Grata&#8221; edhe n\u00eb sht\u00ebpin\u00eb t\u00ebnde, se i di un\u00eb ato pun\u00eb! Ti nuk duhet t\u00eb k\u00ebrkosh as prova, as arsye dhe asgj\u00eb tjet\u00ebr. Ti duhet ve\u00e7se t\u00eb bindesh se i di un\u00eb ato pun\u00eb. Post Scriptum- N\u00eb qoft\u00eb leksion demokracie ky, at\u00ebher\u00eb dor\u00ebzohem.<\/p>\n<p>Ora 12:00 &#8220;Mund t\u00eb mbrohem ve\u00e7se me alfabetin. Ma b\u00ebn\u00eb dhurat\u00eb n\u00eb vend t\u00eb pushk\u00ebs.- Philip Roth&#8221;<\/p>","protected":false},"excerpt":{"rendered":"<p>Sh\u00ebnimet q\u00eb mbajti sot or\u00eb pas ore duke ndjekur zhvillimet e forta n\u00eb Partin\u00eb Demokratike, aktivistja Elona Caslli: Po t\u00eb ik\u00eb Berisha, Rama nuk kryen m\u00eb masak\u00ebr zgjedhore, por organizon zgjedhje t\u00eb lira dhe t\u00eb ndershme. Fajin e ka prap\u00eb Saliu q\u00eb Rama vjedh zgjedhjet dhe ambasador\u00ebt heshtin. Po t\u00eb mos ishte Berisha, Rama do [&hellip;]<\/p>\n","protected":false},"author":2031,"featured_media":225219,"comment_status":"closed","ping_status":"closed","sticky":false,"template":"","format":"standard","meta":{"footnotes":""},"categories":[231],"tags":[],"class_list":{"0":"post-225218","1":"post","2":"type-post","3":"status-publish","4":"format-standard","5":"has-post-thumbnail","7":"category-lajme"},"_links":{"self":[{"href":"https:\/\/zjarr.tv\/en\/wp-json\/wp\/v2\/posts\/225218","targetHints":{"allow":["GET"]}}],"collection":[{"href":"https:\/\/zjarr.tv\/en\/wp-json\/wp\/v2\/posts"}],"about":[{"href":"https:\/\/zjarr.tv\/en\/wp-json\/wp\/v2\/types\/post"}],"author":[{"embeddable":true,"href":"https:\/\/zjarr.tv\/en\/wp-json\/wp\/v2\/users\/2031"}],"replies":[{"embeddable":true,"href":"https:\/\/zjarr.tv\/en\/wp-json\/wp\/v2\/comments?post=225218"}],"version-history":[{"count":0,"href":"https:\/\/zjarr.tv\/en\/wp-json\/wp\/v2\/posts\/225218\/revisions"}],"wp:featuredmedia":[{"embeddable":true,"href":"https:\/\/zjarr.tv\/en\/wp-json\/wp\/v2\/media\/225219"}],"wp:attachment":[{"href":"https:\/\/zjarr.tv\/en\/wp-json\/wp\/v2\/media?parent=225218"}],"wp:term":[{"taxonomy":"category","embeddable":true,"href":"https:\/\/zjarr.tv\/en\/wp-json\/wp\/v2\/categories?post=225218"},{"taxonomy":"post_tag","embeddable":true,"href":"https:\/\/zjarr.tv\/en\/wp-json\/wp\/v2\/tags?post=225218"}],"curies":[{"name":"wp","href":"https:\/\/api.w.org\/{rel}","templated":true}]}}