{"id":225222,"date":"2021-12-18T15:32:46","date_gmt":"2021-12-18T14:32:46","guid":{"rendered":"https:\/\/zjarr.tv\/?p=225222"},"modified":"2021-12-18T15:32:46","modified_gmt":"2021-12-18T14:32:46","slug":"fotolajm-75-vjecarja-voton-pro-shkarkimit-te-bashes-me-dy-gishtat-lart-dhe-me-foto-ne-sfond-te-berishes","status":"publish","type":"post","link":"https:\/\/zjarr.tv\/en\/fotolajm-75-vjecarja-voton-pro-shkarkimit-te-bashes-me-dy-gishtat-lart-dhe-me-foto-ne-sfond-te-berishes\/","title":{"rendered":"FOTOLAJM\/ 75-vje\u00e7arja voton PRO shkarkimit t\u00eb Bash\u00ebs, me dy gishtat lart dhe me foto n\u00eb sfond t\u00eb Berish\u00ebs"},"content":{"rendered":"<p>Nj\u00eb zonj\u00eb 75-vje\u00e7are nga Kurbini ka marr\u00eb pjes\u00eb sot n\u00eb votimin e thirrur nga ish-Kryeministri Sali Berisha p\u00ebr shkarkimin e kryedemokratit, Lulzim Basha.<\/p>\n<p>Pasi ka votuar pro shkarkimit t\u00eb Bash\u00ebs, e moshuara \u00ebsht\u00eb fotografuar me dy gishtat ngritur, posht\u00eb fotografis\u00eb s\u00eb Sali Berish\u00ebs.<\/p>","protected":false},"excerpt":{"rendered":"<p>Nj\u00eb zonj\u00eb 75-vje\u00e7are nga Kurbini ka marr\u00eb pjes\u00eb sot n\u00eb votimin e thirrur nga ish-Kryeministri Sali Berisha p\u00ebr shkarkimin e kryedemokratit, Lulzim Basha. Pasi ka votuar pro shkarkimit t\u00eb Bash\u00ebs, e moshuara \u00ebsht\u00eb fotografuar me dy gishtat ngritur, posht\u00eb fotografis\u00eb s\u00eb Sali Berish\u00ebs.<\/p>","protected":false},"author":2030,"featured_media":225223,"comment_status":"closed","ping_status":"closed","sticky":false,"template":"","format":"standard","meta":{"footnotes":""},"categories":[241,3366,231,1454],"tags":[],"class_list":{"0":"post-225222","1":"post","2":"type-post","3":"status-publish","4":"format-standard","5":"has-post-thumbnail","7":"category-aktualitet","8":"category-koment","9":"category-lajme","10":"category-politike"},"_links":{"self":[{"href":"https:\/\/zjarr.tv\/en\/wp-json\/wp\/v2\/posts\/225222","targetHints":{"allow":["GET"]}}],"collection":[{"href":"https:\/\/zjarr.tv\/en\/wp-json\/wp\/v2\/posts"}],"about":[{"href":"https:\/\/zjarr.tv\/en\/wp-json\/wp\/v2\/types\/post"}],"author":[{"embeddable":true,"href":"https:\/\/zjarr.tv\/en\/wp-json\/wp\/v2\/users\/2030"}],"replies":[{"embeddable":true,"href":"https:\/\/zjarr.tv\/en\/wp-json\/wp\/v2\/comments?post=225222"}],"version-history":[{"count":0,"href":"https:\/\/zjarr.tv\/en\/wp-json\/wp\/v2\/posts\/225222\/revisions"}],"wp:featuredmedia":[{"embeddable":true,"href":"https:\/\/zjarr.tv\/en\/wp-json\/wp\/v2\/media\/225223"}],"wp:attachment":[{"href":"https:\/\/zjarr.tv\/en\/wp-json\/wp\/v2\/media?parent=225222"}],"wp:term":[{"taxonomy":"category","embeddable":true,"href":"https:\/\/zjarr.tv\/en\/wp-json\/wp\/v2\/categories?post=225222"},{"taxonomy":"post_tag","embeddable":true,"href":"https:\/\/zjarr.tv\/en\/wp-json\/wp\/v2\/tags?post=225222"}],"curies":[{"name":"wp","href":"https:\/\/api.w.org\/{rel}","templated":true}]}}