{"id":225245,"date":"2021-12-18T16:22:09","date_gmt":"2021-12-18T15:22:09","guid":{"rendered":"https:\/\/zjarr.tv\/?p=225245"},"modified":"2021-12-18T16:22:09","modified_gmt":"2021-12-18T15:22:09","slug":"dosja-al-me-kuvendin-e-gjanes-berisha-meriton-te-jete-e-ardhmja","status":"publish","type":"post","link":"https:\/\/zjarr.tv\/en\/dosja-al-me-kuvendin-e-gjanes-berisha-meriton-te-jete-e-ardhmja\/","title":{"rendered":"Dosja.al: Me &#8216;Kuvendin&#8217; e Gjan\u00ebs, Berisha meriton t\u00eb jet\u00eb e ardhmja"},"content":{"rendered":"<p>Nga Enton Abilekaj<\/p>\n<p>Ky \u00ebsht\u00eb Kuvendi i denoncimit t\u00eb masakr\u00ebs elektorale q\u00eb PD e Berish\u00ebs u paska b\u00ebr\u00eb atyre t\u00eb Bash\u00ebs? Flutura A\u00e7ka sapo denoncoi Luciano Bo\u00e7in, m\u00eb t\u00eb votuarin e Elbasanit, se i ka vjedhur votat. <\/p>\n<p>Ky \u00ebsht\u00eb Kuvendi q\u00eb e paraqet PD-n\u00eb jo nj\u00eb nd\u00ebr dy forcat m\u00eb popullore, por si nj\u00eb minoritet social t\u00eb margjinalizuar q\u00eb k\u00ebrkon strehim politik te ambasada amerikane. Jan\u00eb n\u00eb t\u00eb drejt\u00ebn e tyre t\u00eb jen\u00eb minoritet social.<\/p>\n<p>N\u00eb fillim t\u00eb fjal\u00ebs s\u00eb tij, dukej sikur ishte Kuvend parazgjedhor, dukej sikur PD nuk \u00ebsht\u00eb mbledhur 8 muaj pasi humbi zgjedhjet p\u00ebr her\u00eb t\u00eb tret\u00eb dhe 1 jav\u00eb pasi humbi an\u00ebtar\u00ebsin\u00eb e saj p\u00ebr ta z\u00ebvend\u00ebsuar me ndihma nga brenda dhe nga jasht\u00eb.<\/p>\n<p>Ishte nj\u00eb tjet\u00ebr rr\u00ebzim i qeveris\u00eb s\u00eb Ram\u00ebs nga Lulzim Basha, pas rr\u00ebzimeve q\u00eb b\u00ebri nga 16 shkurti i 2019 deri kur bojkotoi zgjedhjet lokale. <\/p>\n<p>Jan\u00eb rr\u00ebzime q\u00eb p\u00ebrfundojn\u00eb n\u00eb tryez\u00ebn me Damianin dhe pastaj n\u00eb fasad\u00eb p\u00ebr zgjedhjet pluraliste.<\/p>\n<p>Ishte nj\u00eb Kuvend ku i vetmi argument bind\u00ebs p\u00ebr shumic\u00ebn ishte Jemin Gjanaj, q\u00eb vuri si garanci reputacionin e tij p\u00ebr ta b\u00ebr\u00eb t\u00eb besueshme shifr\u00ebn e 5004 delegat\u00ebve.<\/p>\n<p>Me nj\u00eb Kuvend si ky, Berish\u00ebs nuk i duhej as Kuvendi i dat\u00ebs 11 as Referendumi, mjafton t\u00eb b\u00ebj\u00eb nj\u00eb xhiro n\u00eb Bulevard.Dosja.al: Me &#8216;Kuvendin&#8217; e Gjan\u00ebs, Berisha meriton t\u00eb jet\u00eb e ardhmja- shkruan nd\u00ebr te tjera Alibekaj<\/p>","protected":false},"excerpt":{"rendered":"<p>Nga Enton Abilekaj Ky \u00ebsht\u00eb Kuvendi i denoncimit t\u00eb masakr\u00ebs elektorale q\u00eb PD e Berish\u00ebs u paska b\u00ebr\u00eb atyre t\u00eb Bash\u00ebs? Flutura A\u00e7ka sapo denoncoi Luciano Bo\u00e7in, m\u00eb t\u00eb votuarin e Elbasanit, se i ka vjedhur votat. Ky \u00ebsht\u00eb Kuvendi q\u00eb e paraqet PD-n\u00eb jo nj\u00eb nd\u00ebr dy forcat m\u00eb popullore, por si nj\u00eb minoritet [&hellip;]<\/p>\n","protected":false},"author":2031,"featured_media":225246,"comment_status":"closed","ping_status":"closed","sticky":false,"template":"","format":"standard","meta":{"footnotes":""},"categories":[231],"tags":[],"class_list":{"0":"post-225245","1":"post","2":"type-post","3":"status-publish","4":"format-standard","5":"has-post-thumbnail","7":"category-lajme"},"_links":{"self":[{"href":"https:\/\/zjarr.tv\/en\/wp-json\/wp\/v2\/posts\/225245","targetHints":{"allow":["GET"]}}],"collection":[{"href":"https:\/\/zjarr.tv\/en\/wp-json\/wp\/v2\/posts"}],"about":[{"href":"https:\/\/zjarr.tv\/en\/wp-json\/wp\/v2\/types\/post"}],"author":[{"embeddable":true,"href":"https:\/\/zjarr.tv\/en\/wp-json\/wp\/v2\/users\/2031"}],"replies":[{"embeddable":true,"href":"https:\/\/zjarr.tv\/en\/wp-json\/wp\/v2\/comments?post=225245"}],"version-history":[{"count":0,"href":"https:\/\/zjarr.tv\/en\/wp-json\/wp\/v2\/posts\/225245\/revisions"}],"wp:featuredmedia":[{"embeddable":true,"href":"https:\/\/zjarr.tv\/en\/wp-json\/wp\/v2\/media\/225246"}],"wp:attachment":[{"href":"https:\/\/zjarr.tv\/en\/wp-json\/wp\/v2\/media?parent=225245"}],"wp:term":[{"taxonomy":"category","embeddable":true,"href":"https:\/\/zjarr.tv\/en\/wp-json\/wp\/v2\/categories?post=225245"},{"taxonomy":"post_tag","embeddable":true,"href":"https:\/\/zjarr.tv\/en\/wp-json\/wp\/v2\/tags?post=225245"}],"curies":[{"name":"wp","href":"https:\/\/api.w.org\/{rel}","templated":true}]}}