{"id":225249,"date":"2021-12-18T16:55:22","date_gmt":"2021-12-18T15:55:22","guid":{"rendered":"https:\/\/zjarr.tv\/?p=225249"},"modified":"2021-12-18T16:55:22","modified_gmt":"2021-12-18T15:55:22","slug":"arjan-curri-basha-ne-hall-te-madh-ka-dyshime-per-legjitimitetin-e-kongresit-te-tij","status":"publish","type":"post","link":"https:\/\/zjarr.tv\/en\/arjan-curri-basha-ne-hall-te-madh-ka-dyshime-per-legjitimitetin-e-kongresit-te-tij\/","title":{"rendered":"Arjan Curri: Basha n\u00eb hall t\u00eb madh, ka dyshime p\u00ebr legjitimitetin e Kongresit t\u00eb tij!"},"content":{"rendered":"<p>Analisti Arjan Curri ka komentuar nga studio e lajmeve t\u00eb MCN TV, zhvillimet e dit\u00ebs s\u00eb sotme n\u00eb Partin\u00eb Demokratike.<\/p>\n<p>Curri tha se Basha \u00ebsht\u00eb n\u00eb hall t\u00eb madh dhe po b\u00ebn nj\u00eb kongres q\u00eb ka dyshim p\u00ebr legjitimitetin e tij.<\/p>\n<p>Duke qen\u00eb se salla nuk mban m\u00eb shum\u00eb se 2200 persona, Curri tha se ka dyshime p\u00ebr numrin e personave t\u00eb deklaruar si pjes\u00ebmarr\u00ebs n\u00eb k\u00ebt\u00eb Kuvend.<\/p>\n<p>Analisti deklaroi se Basha e p\u00ebrdori Berish\u00ebn, p\u00ebr t\u2019u rikonfirmuar n\u00eb PD dhe m\u00eb pas e largoi.<\/p>\n<p>Pyetje: Retorika e Bash\u00ebs ishte euforike, ai u shpreh se askush nuk do ta prek\u00eb \u00ebndrr\u00ebn tuaj. Si e shihni k\u00ebt\u00eb?<\/p>\n<p>Curri: Basha \u00ebsht\u00eb n\u00eb hall t\u00eb madh, po b\u00ebn nj\u00eb kongres q\u00eb ka dyshim p\u00ebr legjitimitetin e tij. Tani nuk jemi m\u00eb t\u00eb kthjell\u00ebt lidhur me numrin dhe n\u00ebse pjes\u00ebmarr\u00ebsit jan\u00eb delegat\u00eb apo jo dhe nuk di pse jan\u00eb aty. E dyta \u00ebsht\u00eb se ajo sall\u00eb, m\u00eb shum\u00eb se 2.200 veta nuk i mban dhe do t\u00eb duhet t\u00eb tregojn\u00eb n\u00ebse e ka kuorumin apo jo. \u00c7far\u00eb \u00ebsht\u00eb ky diskur i tij? Ai po tenton t\u00eb ngjall\u00eb nj\u00eb lloj optimizmi sepse Berisha gati gjysm\u00ebn ia ka shkulur.<\/p>","protected":false},"excerpt":{"rendered":"<p>Analisti Arjan Curri ka komentuar nga studio e lajmeve t\u00eb MCN TV, zhvillimet e dit\u00ebs s\u00eb sotme n\u00eb Partin\u00eb Demokratike. Curri tha se Basha \u00ebsht\u00eb n\u00eb hall t\u00eb madh dhe po b\u00ebn nj\u00eb kongres q\u00eb ka dyshim p\u00ebr legjitimitetin e tij. Duke qen\u00eb se salla nuk mban m\u00eb shum\u00eb se 2200 persona, Curri tha se [&hellip;]<\/p>\n","protected":false},"author":2031,"featured_media":225250,"comment_status":"closed","ping_status":"closed","sticky":false,"template":"","format":"standard","meta":{"footnotes":""},"categories":[231],"tags":[],"class_list":{"0":"post-225249","1":"post","2":"type-post","3":"status-publish","4":"format-standard","5":"has-post-thumbnail","7":"category-lajme"},"_links":{"self":[{"href":"https:\/\/zjarr.tv\/en\/wp-json\/wp\/v2\/posts\/225249","targetHints":{"allow":["GET"]}}],"collection":[{"href":"https:\/\/zjarr.tv\/en\/wp-json\/wp\/v2\/posts"}],"about":[{"href":"https:\/\/zjarr.tv\/en\/wp-json\/wp\/v2\/types\/post"}],"author":[{"embeddable":true,"href":"https:\/\/zjarr.tv\/en\/wp-json\/wp\/v2\/users\/2031"}],"replies":[{"embeddable":true,"href":"https:\/\/zjarr.tv\/en\/wp-json\/wp\/v2\/comments?post=225249"}],"version-history":[{"count":0,"href":"https:\/\/zjarr.tv\/en\/wp-json\/wp\/v2\/posts\/225249\/revisions"}],"wp:featuredmedia":[{"embeddable":true,"href":"https:\/\/zjarr.tv\/en\/wp-json\/wp\/v2\/media\/225250"}],"wp:attachment":[{"href":"https:\/\/zjarr.tv\/en\/wp-json\/wp\/v2\/media?parent=225249"}],"wp:term":[{"taxonomy":"category","embeddable":true,"href":"https:\/\/zjarr.tv\/en\/wp-json\/wp\/v2\/categories?post=225249"},{"taxonomy":"post_tag","embeddable":true,"href":"https:\/\/zjarr.tv\/en\/wp-json\/wp\/v2\/tags?post=225249"}],"curies":[{"name":"wp","href":"https:\/\/api.w.org\/{rel}","templated":true}]}}